{"id":963,"date":"2010-10-27T17:13:53","date_gmt":"2010-10-27T16:13:53","guid":{"rendered":"http:\/\/www.elviralindo.com\/blog\/?p=963"},"modified":"2010-10-27T17:13:53","modified_gmt":"2010-10-27T16:13:53","slug":"presentacion-en-barcelona","status":"publish","type":"post","link":"https:\/\/www.elviralindo.com\/blog\/lo-que-me-queda\/presentacion-en-barcelona\/","title":{"rendered":"Presentaci\u00f3n en Barcelona"},"content":{"rendered":"<p><object classid=\"clsid:d27cdb6e-ae6d-11cf-96b8-444553540000\" width=\"450\" height=\"278\" codebase=\"http:\/\/download.macromedia.com\/pub\/shockwave\/cabs\/flash\/swflash.cab#version=6,0,40,0\"><param name=\"allowFullScreen\" value=\"true\" \/><param name=\"allowscriptaccess\" value=\"always\" \/><param name=\"src\" value=\"http:\/\/www.youtube.com\/v\/4anv1hNZFpU?fs=1&amp;hl=en_US\" \/><param name=\"allowfullscreen\" value=\"true\" \/><embed type=\"application\/x-shockwave-flash\" width=\"450\" height=\"278\" src=\"http:\/\/www.youtube.com\/v\/4anv1hNZFpU?fs=1&amp;hl=en_US\" allowscriptaccess=\"always\" allowfullscreen=\"true\"><\/embed><\/object><\/p>\n<p>\u00abMi editora, Elena Ramirez, me advirti\u00f3 mientras camin\u00e1bamos hacia la <a href=\"http:\/\/www.google.com\/url?sa=t&amp;source=web&amp;cd=1&amp;ved=0CBYQFjAA&amp;url=http%3A%2F%2Fwww.libreriasbertrand.es%2F&amp;ei=Jk_ITLiACsSp8Ab08LzrDw&amp;usg=AFQjCNFscFxTUA4J9iyxCkco0VJSIP_kIg&amp;sig2=yLWgV-eUweeeOCFAZFT29w\" target=\"_blank\">Librer\u00eda Bertrand<\/a>, que aquella tarde me esperaba una sorpresa. A m\u00ed las sorpresas siempre me da un poco de miedo&#8230; Me pongo nerviosa, no s\u00e9 c\u00f3mo voy a reaccionar. La sorpresa era nuestro querido Xavi Men\u00f3s, que hab\u00eda viajado a Lleida esos d\u00edas y el muy cuco me hab\u00eda ocultado que estar\u00eda en la presentaci\u00f3n. Estaba all\u00ed, con su madre, Rosal\u00eda. Les di un abrazo enorme cuando entr\u00e9. Qu\u00e9 alegr\u00eda verlos a los dos. Como Xavi es un trabajador nato rod\u00f3 este peque\u00f1o v\u00eddeo con su tel\u00e9fono para os hag\u00e1is una idea de lo bonita que fue la presentaci\u00f3n. !Qu\u00e9 dos d\u00edas en Barcelona m\u00e1s estupendos! El p\u00fablico no pudo ser m\u00e1s c\u00e1lido y las entrevistas fueron magn\u00edficas. Me volv\u00ed a casa muy cansada pero content\u00edsima. Gracias a todos los que contribuisteis a que me sintiera como en casa\u00bb<\/p>\n<p><object classid=\"clsid:d27cdb6e-ae6d-11cf-96b8-444553540000\" width=\"450\" height=\"278\" codebase=\"http:\/\/download.macromedia.com\/pub\/shockwave\/cabs\/flash\/swflash.cab#version=6,0,40,0\"><param name=\"flashvars\" value=\"offsite=true&amp;lang=en-us&amp;page_show_url=%2Fphotos%2Fxavimenos%2Fsets%2F72157625246154018%2Fshow%2F&amp;page_show_back_url=%2Fphotos%2Fxavimenos%2Fsets%2F72157625246154018%2F&amp;set_id=72157625246154018&amp;jump_to=\" \/><param name=\"allowFullScreen\" value=\"true\" \/><param name=\"src\" value=\"http:\/\/www.flickr.com\/apps\/slideshow\/show.swf?v=71649\" \/><param name=\"allowfullscreen\" value=\"true\" \/><embed type=\"application\/x-shockwave-flash\" width=\"450\" height=\"278\" src=\"http:\/\/www.flickr.com\/apps\/slideshow\/show.swf?v=71649\" allowfullscreen=\"true\" flashvars=\"offsite=true&amp;lang=en-us&amp;page_show_url=%2Fphotos%2Fxavimenos%2Fsets%2F72157625246154018%2Fshow%2F&amp;page_show_back_url=%2Fphotos%2Fxavimenos%2Fsets%2F72157625246154018%2F&amp;set_id=72157625246154018&amp;jump_to=\"><\/embed><\/object><\/p>\n","protected":false},"excerpt":{"rendered":"<p>\u00abMi editora, Elena Ramirez, me advirti\u00f3 mientras camin\u00e1bamos hacia la Librer\u00eda Bertrand, que aquella tarde me esperaba una sorpresa. A m\u00ed las sorpresas siempre me da un poco de miedo&#8230; Me pongo nerviosa, no s\u00e9 c\u00f3mo voy a reaccionar. La sorpresa era nuestro querido Xavi Men\u00f3s, que hab\u00eda viajado a Lleida esos d\u00edas y el [&hellip;]<\/p>\n","protected":false},"author":2,"featured_media":0,"comment_status":"open","ping_status":"open","sticky":false,"template":"","format":"standard","meta":{"footnotes":""},"categories":[44,31,35],"tags":[],"class_list":["post-963","post","type-post","status-publish","format-standard","hentry","category-fotografias","category-lo-que-me-queda","category-videos-2"],"_links":{"self":[{"href":"https:\/\/www.elviralindo.com\/blog\/wp-json\/wp\/v2\/posts\/963","targetHints":{"allow":["GET"]}}],"collection":[{"href":"https:\/\/www.elviralindo.com\/blog\/wp-json\/wp\/v2\/posts"}],"about":[{"href":"https:\/\/www.elviralindo.com\/blog\/wp-json\/wp\/v2\/types\/post"}],"author":[{"embeddable":true,"href":"https:\/\/www.elviralindo.com\/blog\/wp-json\/wp\/v2\/users\/2"}],"replies":[{"embeddable":true,"href":"https:\/\/www.elviralindo.com\/blog\/wp-json\/wp\/v2\/comments?post=963"}],"version-history":[{"count":1,"href":"https:\/\/www.elviralindo.com\/blog\/wp-json\/wp\/v2\/posts\/963\/revisions"}],"predecessor-version":[{"id":965,"href":"https:\/\/www.elviralindo.com\/blog\/wp-json\/wp\/v2\/posts\/963\/revisions\/965"}],"wp:attachment":[{"href":"https:\/\/www.elviralindo.com\/blog\/wp-json\/wp\/v2\/media?parent=963"}],"wp:term":[{"taxonomy":"category","embeddable":true,"href":"https:\/\/www.elviralindo.com\/blog\/wp-json\/wp\/v2\/categories?post=963"},{"taxonomy":"post_tag","embeddable":true,"href":"https:\/\/www.elviralindo.com\/blog\/wp-json\/wp\/v2\/tags?post=963"}],"curies":[{"name":"wp","href":"https:\/\/api.w.org\/{rel}","templated":true}]}}