{"id":877,"date":"2010-10-04T22:34:03","date_gmt":"2010-10-04T21:34:03","guid":{"rendered":"http:\/\/www.elviralindo.com\/blog\/?p=877"},"modified":"2010-10-04T22:34:49","modified_gmt":"2010-10-04T21:34:49","slug":"lo-queda-por","status":"publish","type":"post","link":"https:\/\/www.elviralindo.com\/blog\/lo-que-me-queda\/lo-queda-por\/","title":{"rendered":"Lo Que Me Queda Por&#8230;"},"content":{"rendered":"<p><object classid=\"clsid:d27cdb6e-ae6d-11cf-96b8-444553540000\" width=\"400\" height=\"300\" codebase=\"http:\/\/download.macromedia.com\/pub\/shockwave\/cabs\/flash\/swflash.cab#version=6,0,40,0\"><param name=\"flashvars\" value=\"offsite=true&amp;lang=en-us&amp;page_show_url=%2Fphotos%2Fxavimenos%2Fsets%2F72157624971376029%2Fshow%2F&amp;page_show_back_url=%2Fphotos%2Fxavimenos%2Fsets%2F72157624971376029%2F&amp;set_id=72157624971376029&amp;jump_to=\" \/><param name=\"allowFullScreen\" value=\"true\" \/><param name=\"src\" value=\"http:\/\/www.flickr.com\/apps\/slideshow\/show.swf?v=71649\" \/><param name=\"allowfullscreen\" value=\"true\" \/><embed type=\"application\/x-shockwave-flash\" width=\"400\" height=\"300\" src=\"http:\/\/www.flickr.com\/apps\/slideshow\/show.swf?v=71649\" allowfullscreen=\"true\" flashvars=\"offsite=true&amp;lang=en-us&amp;page_show_url=%2Fphotos%2Fxavimenos%2Fsets%2F72157624971376029%2Fshow%2F&amp;page_show_back_url=%2Fphotos%2Fxavimenos%2Fsets%2F72157624971376029%2F&amp;set_id=72157624971376029&amp;jump_to=\"><\/embed><\/object><\/p>\n<p>\u00abNo soy la m\u00e1s adecuada para hacer la cr\u00f3nica de la presentaci\u00f3n del libro en el Ateneo de Madrid. Estuve todo el tiempo como si volviera a mis a\u00f1os de la radio y tuviera que medir el tiempo. Dicen que mientras charlaba con Antonio mir\u00e9 el reloj varias veces. Claro, ah\u00ed me sali\u00f3 la \u00abchica\u00bb radiof\u00f3nica que llevo dentro. Creo que el acto qued\u00f3 bonito. Distinto. Dos v\u00eddeos, el que hab\u00e9is visto de Miguel y Mar\u00eda, uno de Xavi que ver\u00e9is pronto, la lectura de Mar\u00eda Pujalte, la charla de Antonio y m\u00eda, y el broche de oro de mi admirado Poveda.<br \/>\nLa gente fue muy c\u00e1lida, muy cari\u00f1osa. No era un acto social, fue una reuni\u00f3n de lectores, de amigos. Qu\u00e9 buen ambiente se respiraba. Tras el acto, la editorial invit\u00f3 a todos los que hab\u00edan participado en la presentaci\u00f3n a tomar unas tapas en La Ancha. Y all\u00ed, como suele ocurrir cuando estoy yo por medio, la cosa se volvi\u00f3 absurda, divertida y ligeramente desmadrada. Nos hicimos fotos, pusimos caras atroces y posamos como si fu\u00e9ramos modelos de quinta. Bebimos, claro, comimos croquetas, !claro!, y yo, sobre todo, abrac\u00e9 mucho a Miguel Poveda (se deja y me aprovecho). Xavi lo recogi\u00f3 todo con su c\u00e1mara. Ya tuve que decirle, \u00ab!por Dios, Chavo, no me fotograf\u00edes m\u00e1s!\u00bb. Tambi\u00e9n estaba la cantaora Carmen Linares, amiga, dama dam\u00edsima del flamenco y una c\u00f3mica en cuanto el ambiente se relaja.<\/p>\n<p>Me encant\u00f3 que fuera una copa entre amigos, entre literaria y flamenca, entre amistosa y familiar. Me di cuenta, mientras lo viv\u00eda, que est\u00e1bamos construyendo un recuerdo precioso para el futuro\u00bb.<\/p>\n<p>Elvira Lindo<\/p>\n","protected":false},"excerpt":{"rendered":"<p>\u00abNo soy la m\u00e1s adecuada para hacer la cr\u00f3nica de la presentaci\u00f3n del libro en el Ateneo de Madrid. Estuve todo el tiempo como si volviera a mis a\u00f1os de la radio y tuviera que medir el tiempo. Dicen que mientras charlaba con Antonio mir\u00e9 el reloj varias veces. Claro, ah\u00ed me sali\u00f3 la \u00abchica\u00bb [&hellip;]<\/p>\n","protected":false},"author":2,"featured_media":0,"comment_status":"open","ping_status":"open","sticky":false,"template":"","format":"standard","meta":{"footnotes":""},"categories":[44,31],"tags":[],"class_list":["post-877","post","type-post","status-publish","format-standard","hentry","category-fotografias","category-lo-que-me-queda"],"_links":{"self":[{"href":"https:\/\/www.elviralindo.com\/blog\/wp-json\/wp\/v2\/posts\/877","targetHints":{"allow":["GET"]}}],"collection":[{"href":"https:\/\/www.elviralindo.com\/blog\/wp-json\/wp\/v2\/posts"}],"about":[{"href":"https:\/\/www.elviralindo.com\/blog\/wp-json\/wp\/v2\/types\/post"}],"author":[{"embeddable":true,"href":"https:\/\/www.elviralindo.com\/blog\/wp-json\/wp\/v2\/users\/2"}],"replies":[{"embeddable":true,"href":"https:\/\/www.elviralindo.com\/blog\/wp-json\/wp\/v2\/comments?post=877"}],"version-history":[{"count":3,"href":"https:\/\/www.elviralindo.com\/blog\/wp-json\/wp\/v2\/posts\/877\/revisions"}],"predecessor-version":[{"id":880,"href":"https:\/\/www.elviralindo.com\/blog\/wp-json\/wp\/v2\/posts\/877\/revisions\/880"}],"wp:attachment":[{"href":"https:\/\/www.elviralindo.com\/blog\/wp-json\/wp\/v2\/media?parent=877"}],"wp:term":[{"taxonomy":"category","embeddable":true,"href":"https:\/\/www.elviralindo.com\/blog\/wp-json\/wp\/v2\/categories?post=877"},{"taxonomy":"post_tag","embeddable":true,"href":"https:\/\/www.elviralindo.com\/blog\/wp-json\/wp\/v2\/tags?post=877"}],"curies":[{"name":"wp","href":"https:\/\/api.w.org\/{rel}","templated":true}]}}