{"id":869,"date":"2010-10-02T00:44:49","date_gmt":"2010-10-01T23:44:49","guid":{"rendered":"http:\/\/www.elviralindo.com\/blog\/?p=869"},"modified":"2010-10-02T00:44:49","modified_gmt":"2010-10-01T23:44:49","slug":"la-imaginacion-pop-el-huevo-kinder","status":"publish","type":"post","link":"https:\/\/www.elviralindo.com\/blog\/lo-que-me-queda\/la-imaginacion-pop-el-huevo-kinder\/","title":{"rendered":"La Imaginaci\u00f3n POP y el Huevo Kinder"},"content":{"rendered":"<div id=\"attachment_870\" style=\"width: 350px\" class=\"wp-caption alignleft\"><a href=\"https:\/\/www.elviralindo.com\/blog\/wp-content\/uploads\/2010\/10\/Elvira_Lindo_charla_marido_Antonio_Munoz_Molina.jpg\"><img loading=\"lazy\" decoding=\"async\" aria-describedby=\"caption-attachment-870\" class=\"size-full  wp-image-870\" title=\"Elvira Lindo Y Antonio Mu\u00f1oz Molina\" src=\"https:\/\/www.elviralindo.com\/blog\/wp-content\/uploads\/2010\/10\/Elvira_Lindo_charla_marido_Antonio_Munoz_Molina.jpg\" alt=\"\" width=\"340\" height=\"228\" srcset=\"https:\/\/www.elviralindo.com\/blog\/wp-content\/uploads\/2010\/10\/Elvira_Lindo_charla_marido_Antonio_Munoz_Molina.jpg 340w, https:\/\/www.elviralindo.com\/blog\/wp-content\/uploads\/2010\/10\/Elvira_Lindo_charla_marido_Antonio_Munoz_Molina-122x81.jpg 122w\" sizes=\"auto, (max-width: 340px) 100vw, 340px\" \/><\/a><p id=\"caption-attachment-870\" class=\"wp-caption-text\">Foto de Bernardo P\u00e9rez (El Pa\u00eds)<\/p><\/div>\n<p>Art\u00edculo de J.R.M (El Pa\u00eds)<\/p>\n<p>Todo empez\u00f3 por un huevo Kinder, en Madrid, en los a\u00f1os ochenta, en un cine de la Gran V\u00eda, mi\u00e9rcoles, sesi\u00f3n de noche, una mujer que huye y un ni\u00f1o a deshoras para un ni\u00f1o. As\u00ed, como un cuento, empez\u00f3 Lo que me queda por vivir (Seix Barral), la nueva novela de Elvira Lindo (C\u00e1diz, 1962), que narra la vida de una madre hu\u00e9rfana que tiene que criar a su hijo sola despu\u00e9s de separarse de su marido. Aquel arranque, El huevo k\u00ednder, termin\u00f3 convirti\u00e9ndose en un cap\u00edtulo de la novela. Ese fue adem\u00e1s el fragmento que ley\u00f3 ayer la actriz Mar\u00eda Pujalte durante la presentaci\u00f3n del libro en el Ateneo de Madrid.<\/p>\n<p>El art\u00edculo sigue <a href=\"http:\/\/www.elpais.com\/articulo\/cultura\/imaginacion\/pop\/huevo\/Kinder\/Elvira\/Lindo\/elpepucul\/20101001elpepicul_2\/Tes\">aqu\u00ed<\/a><\/p>\n","protected":false},"excerpt":{"rendered":"<p>Art\u00edculo de J.R.M (El Pa\u00eds) Todo empez\u00f3 por un huevo Kinder, en Madrid, en los a\u00f1os ochenta, en un cine de la Gran V\u00eda, mi\u00e9rcoles, sesi\u00f3n de noche, una mujer que huye y un ni\u00f1o a deshoras para un ni\u00f1o. As\u00ed, como un cuento, empez\u00f3 Lo que me queda por vivir (Seix Barral), la nueva [&hellip;]<\/p>\n","protected":false},"author":2,"featured_media":0,"comment_status":"open","ping_status":"open","sticky":false,"template":"","format":"standard","meta":{"footnotes":""},"categories":[31,32],"tags":[],"class_list":["post-869","post","type-post","status-publish","format-standard","hentry","category-lo-que-me-queda","category-sobre-elvira-lindo"],"_links":{"self":[{"href":"https:\/\/www.elviralindo.com\/blog\/wp-json\/wp\/v2\/posts\/869","targetHints":{"allow":["GET"]}}],"collection":[{"href":"https:\/\/www.elviralindo.com\/blog\/wp-json\/wp\/v2\/posts"}],"about":[{"href":"https:\/\/www.elviralindo.com\/blog\/wp-json\/wp\/v2\/types\/post"}],"author":[{"embeddable":true,"href":"https:\/\/www.elviralindo.com\/blog\/wp-json\/wp\/v2\/users\/2"}],"replies":[{"embeddable":true,"href":"https:\/\/www.elviralindo.com\/blog\/wp-json\/wp\/v2\/comments?post=869"}],"version-history":[{"count":1,"href":"https:\/\/www.elviralindo.com\/blog\/wp-json\/wp\/v2\/posts\/869\/revisions"}],"predecessor-version":[{"id":871,"href":"https:\/\/www.elviralindo.com\/blog\/wp-json\/wp\/v2\/posts\/869\/revisions\/871"}],"wp:attachment":[{"href":"https:\/\/www.elviralindo.com\/blog\/wp-json\/wp\/v2\/media?parent=869"}],"wp:term":[{"taxonomy":"category","embeddable":true,"href":"https:\/\/www.elviralindo.com\/blog\/wp-json\/wp\/v2\/categories?post=869"},{"taxonomy":"post_tag","embeddable":true,"href":"https:\/\/www.elviralindo.com\/blog\/wp-json\/wp\/v2\/tags?post=869"}],"curies":[{"name":"wp","href":"https:\/\/api.w.org\/{rel}","templated":true}]}}