{"id":771,"date":"2010-09-02T03:33:02","date_gmt":"2010-09-02T02:33:02","guid":{"rendered":"http:\/\/www.elviralindo.com\/blog\/?p=771"},"modified":"2010-09-02T03:33:02","modified_gmt":"2010-09-02T02:33:02","slug":"recuerdillos","status":"publish","type":"post","link":"https:\/\/www.elviralindo.com\/blog\/lo-que-me-queda\/recuerdillos\/","title":{"rendered":"Recuerdillos"},"content":{"rendered":"<p><em>\u00abHoy quiero compartir con vosotros un texto muy especial. Lo ha escrito mi querid\u00edsima Ver\u00f3nica L\u00f3pez. Ver\u00f3nica entr\u00f3 a trabajar en el programa que yo dirig\u00eda en Radio 3, \u00abEl Gallo que no cesa\u00bb. Era su primer trabajo, ten\u00eda 21 a\u00f1os. Yo ten\u00eda 28. La novela que he escrito se sit\u00faa en aquellos a\u00f1os. Le ped\u00ed a Ver\u00f3nica que intentara evocar algunos de sus recuerdos y me ha mandado estas palabras tan emocionantes. Ver\u00f3nica, no sabes la alegr\u00eda que me da haberte recuperado en mi vida. Lo que m\u00e1s recuerdo yo de ti es lo bonito que era tener tu sonrisa al otro lado del cristal\u00bb<\/em><br \/>\n<strong>Elvira Lindo<\/strong><\/p>\n<p><strong>De Miguel\u2026<\/strong><\/p>\n<p>Empezar\u00e9 `por el peque, que entonces ten\u00eda cuatro a\u00f1os, y del que hablabas a menudo, pero tranquila\u2026, nunca resultabas una madre pesada. Siempre hablabas de \u00e9l con mucho amor y con una sonrisa. Nos contabas an\u00e9cdotas como cuando iba alguien a casa y pasabais la primera media hora ense\u00f1ando a las visitas la mesa nueva que sub\u00eda y bajaba. Hasta que ten\u00edas que decirle, Miguel hijo\u2026, que parecemos unos paletos\u2026<!--more--><\/p>\n<p>Una vez le llamamos por tel\u00e9fono para grabarlo e incluirlo en el programa. A t\u00ed se te ca\u00eda la baba, pero la verdad es que el enano era de lo m\u00e1s espabilado y la baba se nos ca\u00eda un poquito a todos. Te preguntaba \u00e9l si hab\u00edas comido y t\u00fa le contabas como eran los bocatas de la m\u00e1quina de Prado del Rey: \u201cson fant\u00e1sticos, te comes uno y es como si no te hubieras comido nada\u201d, le dec\u00edas.<\/p>\n<p>Otra vez, ya te cont\u00e9,  le llevaste a la Radio. Est\u00e1bamos grabando un programa en el control de apoyo creo que para emitir enlatado el 15 de agosto. \u00c9l miraba todo con curiosidad y era el centro de atenci\u00f3n de todos nosotros. Recuerdo especialmente como se pon\u00eda de puntillas para ver que hab\u00eda por all\u00ed arriba y alcanzaba con su manita los discos de vinilo que estaban en el punto preparados para soltar, y los descolocaba claro. Era lo que m\u00e1s le llamaba la atenci\u00f3n y como nos hac\u00eda gracia lo repet\u00eda una y otra vez.<\/p>\n<p>S\u00f3lo en una ocasi\u00f3n recuerdo que nos contabas con tristeza que Miguel se iba a la habitaci\u00f3n, se pon\u00eda a llorar y preguntaba porqu\u00e9 no estaba su padre.<\/p>\n<p>Me imagino la satisfacci\u00f3n que seguro te supone que la portada de este libro tan especial sea de Miguel.<\/p>\n<p><strong>De El Gallo\u2026<\/strong><\/p>\n<p>El programa era fant\u00e1stico. Es de estas cosas que se valoran m\u00e1s con el tiempo. Tal vez entonces no me daba tanta cuenta, simplemente me gustaba. Estaba demasiado centrada en intentar hacer mi trabajo lo mejor posible, y a\u00fan as\u00ed no veas como lo disfrutaba. Ya te dec\u00eda.., yo pensaba\u2026, pero \u00bfesto es trabajar? Lo pas\u00e1bamos tan bien\u2026<\/p>\n<p>Hablo del programa con mucho cari\u00f1o por los bonitos recuerdos que conservo, pero \u201cobjetivamente\u201d\u2026 es que El Gallo era muy bueno, a que si?. Aunque yo s\u00f3lo lo viviera en el estudio s\u00e9 que ten\u00eda mucho trabajo detr\u00e1s.<\/p>\n<p>Recuerdo como muchos d\u00edas te quedabas para ir por la tarde a hacer alguna entrevista.<\/p>\n<p>C\u00f3mo nos re\u00edamos con las historias de Manolito\u2026 Recuerdo a Jos\u00e9 Luis Caba\u00f1as serio a mi lado intentando que la cosa no se desmadrara en los momentos \u00e1lgidos en que el abuelo y la Susi bragas sucias hac\u00edan de las suyas. Las entrevistas, tus ingeniosos colchones que intercal\u00e1bamos, las cu\u00f1as que tambi\u00e9n ten\u00edan su aquel (\u201carradio, amoto, estijeras\u2026\u201d No recuerdo exactamente que m\u00e1s dec\u00eda aquella cu\u00f1a, era una clase de \u201cgram\u00e1tica parda\u201d y tu eras la profe, \u00bfno?).<\/p>\n<p>Tengo recuerdos maravillosos de todas las personas del equipo. Paco Cort\u00e9s y Carlos Garc\u00eda, eran geniales. Fidel Nogal era para m\u00ed un pozo de sabidur\u00eda musicalmente hablando. Tambi\u00e9n Caba\u00f1as, que siempre encontraba la m\u00fasica adecuada para cada momento. No s\u00e9 si lo recuerdas, pero sonaba a menudo de fondo un tema de Celtas Cortos, Salida de Emergencia, que tengo en CD y me da muy buen rollo. Si alg\u00fan d\u00eda me levanto un poco plof, me lo pongo y oye\u2026, mano de santo. Esta sinton\u00eda, el tema de Pixies \u201cHere comes your man\u201d que ya te coment\u00e9, y una canci\u00f3n de Elvis Costello que lleva mi nombre y me dedicaste un d\u00eda, son \u201cmis m\u00fasicas del gallo\u201d.<\/p>\n<p>Manuela tambi\u00e9n era muy graciosa. Recuerdo que brome\u00e1bamos especulando sobre alg\u00fan presunto novio. Yolanda Pascual estaba encantada de la oportunidad de trabajar con vosotros (como yo). Se lo tomaba con mucho inter\u00e9s y agradec\u00eda mucho tus consejos que le hicieron ponerse en manos de un logopeda para corregir alg\u00fan peque\u00f1o problemilla de cara al micr\u00f3fono. En realidad, todo un equipazo trabajando con mucha ilusi\u00f3n y alegr\u00eda a pesar de los madrugones.<\/p>\n<p>Luego estaban los compa\u00f1eros de Deportes (Isabel Moreno, Gloria C\u00f3rdoba o Miguel \u00c1ngel de Rus) que remataban el programa. He de decir que a la informaci\u00f3n deportiva no le prestaba demasiada atenci\u00f3n, s\u00f3lo recuerdo estar pendiente de la m\u00fasica que les pon\u00edamos de fondo y que incluso nos permit\u00edamos el lujo de hacer experimentos y poner los discos a 78 r.p.m en vez de 33 o 45, para hacer la cosa m\u00e1s din\u00e1mica. A\u00f1os despu\u00e9s coincid\u00ed con Miguel \u00c1ngel de Rus en la boda de una amiga m\u00eda. \u00c9l iba por parte del novio. Casualidades de la vida\u2026<\/p>\n<p>Un d\u00eda vivimos un momento tenso\u2026 Estaba prevista la entrevista telef\u00f3nica a Albert Boadella a las ocho de la ma\u00f1ana. Despu\u00e9s de una brillante presentaci\u00f3n y de tus m\u00e1gicas palabras: \u201cAlbert Boadella, buenos d\u00edas\u201d, no respondi\u00f3 nadie al otro lado. Manuela intent\u00f3 contactar de nuevo pero comunicaba (era cuando los tel\u00e9fonos comunicaban\u2026, qu\u00e9 tiempos!). Al rato consigui\u00f3 hablar con el supuesto Albert Boadella, que efectivamente se llamaba as\u00ed y era arquitecto, pero no era el que est\u00e1bamos esperando, y al oir tu presentaci\u00f3n hab\u00eda preferido colgar en vez de decir nada en antena. T\u00fa desde dentro esperabas que alguien te comentara qu\u00e9 estaba pasando y cuando lo supimos y te lo comunicamos mientras sonaba un disco tuviste una reacci\u00f3n que no he olvidado nunca. No perdiste los nervios, no hubo malas maneras, en fin\u2026 nada de lo que hubiera podido considerarse incluso normal. Un simple gesto hacia Manuela y una lecci\u00f3n de comportamiento, al menos para m\u00ed. Chap\u00f3!<\/p>\n<p>Los desayunos de despu\u00e9s eran estupendos. Serv\u00edan para comentar lo sucedido en el programa y cualquier otra cosa. No s\u00e9 si recuerdas que hab\u00eda una chica en la Caja que se caracterizaba adem\u00e1s de por su sonrisa por sus pendientes grandes, alegres y de colores llamativos, y que cambiaba a diario. Lo menciono porque te llamaba la atenci\u00f3n y siempre al llegar le dec\u00edas alg\u00fan comentario agradable sobre sus pendientes.<\/p>\n<p>Un d\u00eda pasamos todo el desayuno escuchando el razonamiento de Fidel sobre la calidad de los zapatos. Sosten\u00eda que unos zapatos que costaran menos de no se si eran 30.000 pesetas de las de entonces (lo mismo me he pasado, eh?), eran una mierda. Recuerdo como le escuch\u00e1bamos con atenci\u00f3n sin contradecirle y al salir de la cafeter\u00eda seg\u00fan baj\u00e1bamos las escaleras me dec\u00edas al o\u00eddo: \u201cestas bambas me han costado 1.500\u201d, y yo te confesaba: \u201clas mias tres cuartos de lo mismo\u2026\u201d.<\/p>\n<p>El primer d\u00eda o de los primeros que trabaj\u00e9 con vosotros, recuerdo que preguntaste desde dentro del locutorio cual era mi apellido, porque siempre te gustaba nombrar a todos los del equipo del primero al \u00faltimo. Cuando te lo dije me preguntaste: \u201c\u00bfese apellido es alem\u00e1n?\u201d. A lo que yo toda seria te contest\u00e9 que no sin percatarme de la broma. Ay\u2026, lo que son los nervios\u2026, que risa.<\/p>\n<p>Tambi\u00e9n recuerdo alg\u00fan  d\u00eda despu\u00e9s de comer all\u00ed (no s\u00e9 si ser\u00eda cuando el programa cambi\u00f3 de hora y empez\u00f3 a emitirse a las 12), volv\u00edamos en la ruta hasta Plaza de Espa\u00f1a y tom\u00e1bamos caf\u00e9 por la Gran V\u00eda. Recuerdo haber estado en Chicote, que no lo conoc\u00eda todo hay que decirlo (cuantas cosas me ense\u00f1asteis\u2026) y en el hotel Suizo.<\/p>\n<p>Como te coment\u00e9 en otro \u201cmensajillo\u201d tambi\u00e9n salimos a cenar algunas noches y a alg\u00fan concierto. Un d\u00eda acabamos en el hotel Col\u00f3n con intenci\u00f3n de jugar un billar pero no pudimos hacerlo, creo que porque era demasiado tarde.<\/p>\n<p><strong>De Elvira\u2026<\/strong><\/p>\n<p>Y de ti, que te voy a contar Elvira. Dejaste un magn\u00edfico recuerdo en m\u00ed que aunque te parezca mentira me ha acompa\u00f1ado todos estos a\u00f1os. Ten en cuenta que para m\u00ed fue el primer trabajo, y que en ese tiempo cumpl\u00ed mis 21 a\u00f1os. Todo esto que te cuento y que es normal que para ti haya pasado totalmente desapercibido, fue para m\u00ed tan importante\u2026<\/p>\n<p>El ambiente tan maravilloso que yo percib\u00eda no era fruto de la casualidad. T\u00fa creabas ese ambiente, tu car\u00e1cter lo hac\u00eda posible. Tu capacidad para dirigir el programa era espectacular.<\/p>\n<p>Ahora lo veo m\u00e1s que entonces, pues estoy segura de que ni tu juventud ni el hecho de que fueras mujer, jugaron a tu favor. Y a todo esto hab\u00eda que sumar tu responsabilidad con un hijo peque\u00f1o y tu situaci\u00f3n personal que jam\u00e1s influ\u00eda en temas de trabajo. En fin\u2026, que hay que quitarse el sombrero.<\/p>\n<p>Y es verdad Elvira, irradias energ\u00eda positiva y muy buen rollo.<\/p>\n<p>Cuentas con toda mi admiraci\u00f3n desde entonces tanto en lo profesional como en lo personal.<\/p>\n<p>Te dije que guardaba en mi coraz\u00f3n la carta que enviaste al entonces director de Radio 3 pidiendo continuidad para mi contrato. No s\u00f3lo en mi coraz\u00f3n, guardo esa carta como un tesoro. La he escaneado para envi\u00e1rtela. La posdata me encanta. Me ayuda a recordar\u2026 por si alg\u00fan d\u00eda se me olvidara sonreir.<\/p>\n<p>Si hay algo por lo que me ha alegrado tanto poder volver a contactar contigo es precisamente para darte las GRACIAS.<\/p>\n<p>Ah!, y por supuesto me quedo con una frase tuya que dijiste (a lo mejor no la dijiste y s\u00f3lo la pensaste, pero yo la he almacenado en mi \u201cdisco duro\u201d como si la dijeras que tiene m\u00e1s gracia) a un jerifante de Radio Nacional en el ascensor: \u201cQu\u00e9 pasa\u2026, es que tengo los ojos a la altura de las tetas?\u201d.<\/p>\n<p>He continuado trabajando en medios de comunicaci\u00f3n y aunque he tenido oportunidad de conocer gente estupenda, tambi\u00e9n me he topado con personas arrogantes, prepotentes y con tendencia a la estupidez, caracter\u00edsticas que lamentablemente abundan en la profesi\u00f3n. Ese primer recuerdo inconsciente de mi vida laboral, el que me dejasteis vosotros, me ha servido para evitar en todo momento la tentaci\u00f3n de generalizar, que por otro lado es algo que nunca me ha gustado hacer.<\/p>\n","protected":false},"excerpt":{"rendered":"<p>\u00abHoy quiero compartir con vosotros un texto muy especial. Lo ha escrito mi querid\u00edsima Ver\u00f3nica L\u00f3pez. Ver\u00f3nica entr\u00f3 a trabajar en el programa que yo dirig\u00eda en Radio 3, \u00abEl Gallo que no cesa\u00bb. Era su primer trabajo, ten\u00eda 21 a\u00f1os. Yo ten\u00eda 28. La novela que he escrito se sit\u00faa en aquellos a\u00f1os. Le [&hellip;]<\/p>\n","protected":false},"author":2,"featured_media":772,"comment_status":"open","ping_status":"open","sticky":false,"template":"","format":"standard","meta":{"footnotes":""},"categories":[31,32],"tags":[],"class_list":["post-771","post","type-post","status-publish","format-standard","has-post-thumbnail","hentry","category-lo-que-me-queda","category-sobre-elvira-lindo"],"_links":{"self":[{"href":"https:\/\/www.elviralindo.com\/blog\/wp-json\/wp\/v2\/posts\/771","targetHints":{"allow":["GET"]}}],"collection":[{"href":"https:\/\/www.elviralindo.com\/blog\/wp-json\/wp\/v2\/posts"}],"about":[{"href":"https:\/\/www.elviralindo.com\/blog\/wp-json\/wp\/v2\/types\/post"}],"author":[{"embeddable":true,"href":"https:\/\/www.elviralindo.com\/blog\/wp-json\/wp\/v2\/users\/2"}],"replies":[{"embeddable":true,"href":"https:\/\/www.elviralindo.com\/blog\/wp-json\/wp\/v2\/comments?post=771"}],"version-history":[{"count":1,"href":"https:\/\/www.elviralindo.com\/blog\/wp-json\/wp\/v2\/posts\/771\/revisions"}],"predecessor-version":[{"id":773,"href":"https:\/\/www.elviralindo.com\/blog\/wp-json\/wp\/v2\/posts\/771\/revisions\/773"}],"wp:featuredmedia":[{"embeddable":true,"href":"https:\/\/www.elviralindo.com\/blog\/wp-json\/wp\/v2\/media\/772"}],"wp:attachment":[{"href":"https:\/\/www.elviralindo.com\/blog\/wp-json\/wp\/v2\/media?parent=771"}],"wp:term":[{"taxonomy":"category","embeddable":true,"href":"https:\/\/www.elviralindo.com\/blog\/wp-json\/wp\/v2\/categories?post=771"},{"taxonomy":"post_tag","embeddable":true,"href":"https:\/\/www.elviralindo.com\/blog\/wp-json\/wp\/v2\/tags?post=771"}],"curies":[{"name":"wp","href":"https:\/\/api.w.org\/{rel}","templated":true}]}}