{"id":680,"date":"2010-08-13T15:37:20","date_gmt":"2010-08-13T14:37:20","guid":{"rendered":"http:\/\/www.elviralindo.com\/blog\/?p=680"},"modified":"2010-08-13T15:38:36","modified_gmt":"2010-08-13T14:38:36","slug":"vivan-los-mozos","status":"publish","type":"post","link":"https:\/\/www.elviralindo.com\/blog\/tintos-de-verano\/vivan-los-mozos\/","title":{"rendered":"Vivan los mozos"},"content":{"rendered":"<p><em>\u00abAlg\u00fan lector me escribi\u00f3 defendiendo este tipo de fiestas salvajes  a costa de los pobres animales. Pero, \u00bfc\u00f3mo no tener la tentaci\u00f3n de  utilizar mi comedia por entregas para ridiculizar a sus defensores?\u00bb<\/em><br \/>\nElvira Lindo<\/p>\n<p>En realidad, estoy escribiendo esta columna de pura chiripa. No quiero decir que la columna me haya tocado en una rifa, aunque habr\u00e1 alg\u00fan capullo que piense que s\u00ed, lo que digo es que la vida da muchas vueltas y que \u00e9sta no era la verdadera vocaci\u00f3n en mis comienzos. Yo siempre quise ser antrop\u00f3loga para estudiar la idiosincrasia de los seres humanos desde su origen, pero como soy de Moratalaz (Madrid), pues es un handicap, porque all\u00ed los primeros asentamientos de seres humanos (incluyo a mi familia) se remontan a los a\u00f1os sesenta y no hay m\u00e1s que rascar. <!--more--><br \/>\nMi vocaci\u00f3n hubiera sido la de antrop\u00f3loga subvencionada por una comunidad aut\u00f3noma, pero ya me dijo un d\u00eda Eduardo Arroyo que lo de ser de Madrid en cuanto al tema subvenci\u00f3n tiene mal arreglo. Por cierto, ya que sale a colaci\u00f3n, aprovecho para decirle al pintor Arroyo que me sirvi\u00f3 de inspiraci\u00f3n para estos articulillos, dado que \u00e9l tiene dos vol\u00famenes de memorias: Sardinas en aceite y Boquerones en vinagre, y he querido hacerle un peque\u00f1o pero sincero homenaje con mi Tinto de verano. Espero que alg\u00fan d\u00eda me lo agradezca (hazme un dibujo, primo).<\/p>\n<p>\u00c9sta es una buena \u00e9poca para los antrop\u00f3logos subvencionados, me refiero al verano, porque hasta el pueblo m\u00e1s peque\u00f1o del Estado (antes Espa\u00f1a) tiene sus ra\u00edces, su animal maltratado y su forastero en el pil\u00f3n. Y al que no le guste, lo que dec\u00eda Gila, que se vaya del pueblo. La otra tarde, mi santo y yo, a fin de mantenernos informados, nos pusimos la radio, siempre con el l\u00f3gico miedo de que nos anuncien la antolog\u00eda del gran tenor (o Tenorio, como dice Mar\u00eda Jos\u00e9 del Gran Hermano) Alfredo Kraus. Afortunadamente daban un programa sobre las hermosas tradiciones de las fiestas de agosto. Una de ellas, bastante edificante, se da en un pueblo de Zamora. La cosa consiste en tirar una cabra por el campanario, perd\u00f3n, consist\u00eda, porque este a\u00f1o los mozos saben que como tiren a la cabra deber\u00e1n pagar dos millones de multa. Y los mozos, con todo el dolor de su coraz\u00f3n, se han tenido que joder (y bailar). Una concejala (no s\u00e9 de qu\u00e9 partido) se hac\u00eda eco de la frustraci\u00f3n que ten\u00edan las buenas gentes del lugar:<\/p>\n<p>\u2014Eso lo hacen los mozos porque es como una puesta de largo simb\u00f3lica, es una manera de dar paso a la edad adulta.<\/p>\n<p>\u2014\u00bfY la cabra c\u00f3mo quedaba despu\u00e9s del salto? \u2014preguntaba el locutor.<\/p>\n<p>\u2014Hombre, la cabra un poquillo molesta, pero tengo que decir que luego la cabra ten\u00eda un sitio de honor en el baile, la cabra era para nosotros la reina de la fiesta.<\/p>\n<p>Hay cabras con suerte, desde luego. En esto que en el programa llaman a un antrop\u00f3logo, por aquello de que una persona con estudios superiores siempre da un punto de vista como m\u00e1s cient\u00edfico, y el antrop\u00f3logo viene a decir que, al fin y al cabo, la fiesta es transgresi\u00f3n y que no hay que ser hip\u00f3crita, que hay mucha gente que se rasga las vestiduras porque maten una cabra y, sin embargo, no siente piedad hacia las cucarachas o hacia los mosquitos. \u00a1Ol\u00e9 la antropolog\u00eda!<br \/>\nPor cierto, acaba de llegar mi santo de la calle y me dice:<\/p>\n<p>\u2014He comprado Hogar y Plantas.<\/p>\n<p>\u2014\u00bfOtro libro, cari\u00f1o? \u2014le pregunto.<\/p>\n<p>\u2014No, es el \u00faltimo grito en insecticidas.<\/p>\n<p>El antrop\u00f3logo calificar\u00eda a mi esposo de asesino; sin embargo, yo, antrop\u00f3loga amateur, dir\u00eda que est\u00e1 entrando en la edad moderna.<\/p>\n","protected":false},"excerpt":{"rendered":"<p>\u00c9sta es una buena \u00e9poca para los antrop\u00f3logos subvencionados, me refiero al verano, porque hasta el pueblo m\u00e1s peque\u00f1o del Estado (antes Espa\u00f1a) tiene sus ra\u00edces, su animal maltratado y su forastero en el pil\u00f3n. Y al que no le guste, lo que dec\u00eda Gila, que se vaya del pueblo. La otra tarde, mi santo y yo, a fin de mantenernos informados, nos pusimos la radio, siempre con el l\u00f3gico miedo de que nos anuncien la antolog\u00eda del gran tenor (o Tenorio, como dice Mar\u00eda Jos\u00e9 del Gran Hermano) Alfredo Kraus. Afortunadamente daban un programa sobre las hermosas tradiciones de las fiestas de agosto. Una de ellas, bastante edificante, se da en un pueblo de Zamora. La cosa consiste en tirar una cabra por el campanario, perd\u00f3n, consist\u00eda, porque este a\u00f1o los mozos saben que como tiren a la cabra deber\u00e1n pagar dos millones de multa. Y los mozos, con todo el dolor de su coraz\u00f3n, se han tenido que joder (y bailar). Una concejala (no s\u00e9 de qu\u00e9 partido) se hac\u00eda eco de la frustraci\u00f3n que ten\u00edan las buenas gentes del lugar:<\/p>\n","protected":false},"author":2,"featured_media":681,"comment_status":"open","ping_status":"open","sticky":false,"template":"","format":"standard","meta":{"footnotes":""},"categories":[28],"tags":[],"class_list":["post-680","post","type-post","status-publish","format-standard","has-post-thumbnail","hentry","category-tintos-de-verano"],"_links":{"self":[{"href":"https:\/\/www.elviralindo.com\/blog\/wp-json\/wp\/v2\/posts\/680","targetHints":{"allow":["GET"]}}],"collection":[{"href":"https:\/\/www.elviralindo.com\/blog\/wp-json\/wp\/v2\/posts"}],"about":[{"href":"https:\/\/www.elviralindo.com\/blog\/wp-json\/wp\/v2\/types\/post"}],"author":[{"embeddable":true,"href":"https:\/\/www.elviralindo.com\/blog\/wp-json\/wp\/v2\/users\/2"}],"replies":[{"embeddable":true,"href":"https:\/\/www.elviralindo.com\/blog\/wp-json\/wp\/v2\/comments?post=680"}],"version-history":[{"count":3,"href":"https:\/\/www.elviralindo.com\/blog\/wp-json\/wp\/v2\/posts\/680\/revisions"}],"predecessor-version":[{"id":684,"href":"https:\/\/www.elviralindo.com\/blog\/wp-json\/wp\/v2\/posts\/680\/revisions\/684"}],"wp:featuredmedia":[{"embeddable":true,"href":"https:\/\/www.elviralindo.com\/blog\/wp-json\/wp\/v2\/media\/681"}],"wp:attachment":[{"href":"https:\/\/www.elviralindo.com\/blog\/wp-json\/wp\/v2\/media?parent=680"}],"wp:term":[{"taxonomy":"category","embeddable":true,"href":"https:\/\/www.elviralindo.com\/blog\/wp-json\/wp\/v2\/categories?post=680"},{"taxonomy":"post_tag","embeddable":true,"href":"https:\/\/www.elviralindo.com\/blog\/wp-json\/wp\/v2\/tags?post=680"}],"curies":[{"name":"wp","href":"https:\/\/api.w.org\/{rel}","templated":true}]}}