{"id":661,"date":"2010-08-09T15:29:25","date_gmt":"2010-08-09T14:29:25","guid":{"rendered":"http:\/\/www.elviralindo.com\/blog\/?p=661"},"modified":"2010-08-09T18:21:00","modified_gmt":"2010-08-09T17:21:00","slug":"papuchi","status":"publish","type":"post","link":"https:\/\/www.elviralindo.com\/blog\/tintos-de-verano\/papuchi\/","title":{"rendered":"Papuchi"},"content":{"rendered":"<p><em>\u00abHaciendo esta serie aprend\u00ed muchas cosas, entre otras, que en Espa\u00f1a eres, fundamentalmente, lo que dices que eres. Como en estos Tintos la narradora hablaba mucho de su torpeza, su neurosis, su falta de fe en la cultura, etc., muchos se creyeron que me defin\u00eda a m\u00ed misma. \u00bfPor qu\u00e9 no se entregan al humor, pensaba yo, de manera inocente?\u00bb<br \/>\n<\/em>Elvira Lindo<\/p>\n<p>Yo no s\u00e9 si les pasar\u00e1 lo mismo a <a href=\"http:\/\/www.mvargasllosa.com\/\">Vargas Llosa<\/a>, a <a href=\"http:\/\/en.wikipedia.org\/wiki\/Eduardo_Mendoza_Ceballos\">Eduardo Mendoza<\/a> o <a href=\"http:\/\/es.wikipedia.org\/wiki\/Luis_Landero\">Luis Landero<\/a> pero yo, desde luego, cada vez que me hacen una entrevista, s\u00f3lo digo gilipolleces. Y no s\u00e9 por qu\u00e9 sucede eso, la verdad. La otra tarde esperaba en casa a un periodista de una revista literaria que ven\u00eda a entrevistarme en mi calidad de escritora de masas y pas\u00e9 la ma\u00f1ana prepar\u00e1ndome unas cuantas frases impactantes para que no me pasara lo de siempre. Luego le dije a dicho periodista que me mandara la entrevista antes de publicarla porque a partir de ahora quiero cuidar mi imagen, que considero un poquito deteriorada. La entrevista ha acabado teniendo los siguientes titulares: \u201cMis hijos son el motor de mi vida\u201d, \u201cS\u00f3lo dejar\u00eda mi profesi\u00f3n si un hijo me necesitara\u201d, \u201clos hijos me han hecho menos ego\u00edsta\u201d, \u201ccuando vi la carita de mi hijo al nacer, llor\u00e9\u201d, \u201cs\u00f3lo me queda plantar un \u00e1rbol\u201d. <!--more-->Y todo esto estaba ilustrado con una foto de mi persona en bikini al borde la piscina tumbada como la duquesa de Alba (como la de Goya, se entiende, no como la actual). El periodista era un t\u00edo preparad\u00edsmo, la verdad, trabaja para esta revista literaria pero tambi\u00e9n vende reportajes a las revistas del coraz\u00f3n. Seg\u00fan. A m\u00ed me encantan los periodistas j\u00f3venes de ahora porque son gente superburs\u00e1til. Yo se lo  digo cada cinco minutos a los ni\u00f1os, hijos m\u00edos, ya podeis prepararos que ahora el mundo es muy competitivo. Y me miran con esa cara de empanaos que se les pone en verano que ganas te dan de cruzarles la cara. Y si no se la cruzo es por coherencia, no voy a estar declarando p\u00fablicamente que son el motor de mi vida y de puertas para adentro repartiendo collejas. El caso es que el periodista me llama y me dice que dado el tono de la entrevista va intentar venderla al \u201cQu\u00e9 me dices\u201d o as\u00ed, aunque lo ve dif\u00edcil. <\/p>\n<p>Dice que con Ana Garc\u00eda Obreg\u00f3n le pas\u00f3 al contrario, que \u00e9l iba con la idea de hacerle una entrevista humana al borde del mar y que como ella se puso a hablar de biolog\u00eda molecular y toda la pesca, pues la mand\u00f3 al \u201c<a href=\"http:\/\/www.muyinteresante.es\/\">Muy interesante<\/a>\u201d, pero que el director se la rechaz\u00f3 porque le dijo que Ana tiene una imagen que se da de hostias con la revista. Yo le dije que es que en Espa\u00f1a encasillan a la gente enseguida, y me dijo, no lo sabes t\u00fa bien. Y me dijo que le hizo el mes pasado una al padre de Julio Iglesias (papuchi) y que como acabaron hablando fundamentalmente de su potencial espermatozoidal se la est\u00e1 intentando colocar a la revista del Colegio de Ur\u00f3logos pero que de momento no la van a publicar por ser, dicha entrevista, desalentadora para el enfermo: dicen los ur\u00f3logos que como el paciente vea eso en la sala de espera el paciente se deprime. Y yo le dije al pobre periodista, pues hijo, qu\u00e9 l\u00edo llevas a nivel contenidos. Y me dijo: entre todos van a conseguir que deje la profesi\u00f3n. Y a m\u00ed me dio pena que un muchacho tan burs\u00e1til se venga abajo v\u00edctima del sistema y le hice un pr\u00e9stamo. Y lo cuento porque creo que si todos actu\u00e1ramos as\u00ed el mundo ser\u00eda de otra manera.<\/p>\n","protected":false},"excerpt":{"rendered":"<p>Tinto de Verano de Elvira Lindo<\/p>\n","protected":false},"author":2,"featured_media":662,"comment_status":"open","ping_status":"open","sticky":false,"template":"","format":"standard","meta":{"footnotes":""},"categories":[28],"tags":[41,14],"class_list":["post-661","post","type-post","status-publish","format-standard","has-post-thumbnail","hentry","category-tintos-de-verano","tag-ana-obregon","tag-tintos-verano"],"_links":{"self":[{"href":"https:\/\/www.elviralindo.com\/blog\/wp-json\/wp\/v2\/posts\/661","targetHints":{"allow":["GET"]}}],"collection":[{"href":"https:\/\/www.elviralindo.com\/blog\/wp-json\/wp\/v2\/posts"}],"about":[{"href":"https:\/\/www.elviralindo.com\/blog\/wp-json\/wp\/v2\/types\/post"}],"author":[{"embeddable":true,"href":"https:\/\/www.elviralindo.com\/blog\/wp-json\/wp\/v2\/users\/2"}],"replies":[{"embeddable":true,"href":"https:\/\/www.elviralindo.com\/blog\/wp-json\/wp\/v2\/comments?post=661"}],"version-history":[{"count":6,"href":"https:\/\/www.elviralindo.com\/blog\/wp-json\/wp\/v2\/posts\/661\/revisions"}],"predecessor-version":[{"id":668,"href":"https:\/\/www.elviralindo.com\/blog\/wp-json\/wp\/v2\/posts\/661\/revisions\/668"}],"wp:featuredmedia":[{"embeddable":true,"href":"https:\/\/www.elviralindo.com\/blog\/wp-json\/wp\/v2\/media\/662"}],"wp:attachment":[{"href":"https:\/\/www.elviralindo.com\/blog\/wp-json\/wp\/v2\/media?parent=661"}],"wp:term":[{"taxonomy":"category","embeddable":true,"href":"https:\/\/www.elviralindo.com\/blog\/wp-json\/wp\/v2\/categories?post=661"},{"taxonomy":"post_tag","embeddable":true,"href":"https:\/\/www.elviralindo.com\/blog\/wp-json\/wp\/v2\/tags?post=661"}],"curies":[{"name":"wp","href":"https:\/\/api.w.org\/{rel}","templated":true}]}}