{"id":3749,"date":"2022-10-23T16:09:21","date_gmt":"2022-10-23T15:09:21","guid":{"rendered":"https:\/\/www.elviralindo.com\/blog\/?p=3749"},"modified":"2023-01-23T16:10:12","modified_gmt":"2023-01-23T15:10:12","slug":"finge-que-sabes-y-te-ira-mejor","status":"publish","type":"post","link":"https:\/\/www.elviralindo.com\/blog\/articulos-opinion\/finge-que-sabes-y-te-ira-mejor\/","title":{"rendered":"Finge que sabes y te ir\u00e1 mejor"},"content":{"rendered":"\n<p>Si bien los a\u00f1os de experiencia me tendr\u00edan que haber ense\u00f1ado a afrontar cualquier pregunta con soltura, reconozco que el \u00fanico aplomo que he adquirido con el tiempo es el de atreverme a decir: yo de eso no s\u00e9, no soy experta. Pero ocurre que estamos en una \u00e9poca en la que el discurso pol\u00edtico o sociol\u00f3gico sobre una novela es m\u00e1s determinante que la propia ficci\u00f3n, de tal forma que si escribes un libro sobre unos padres criados en la resaca de la guerra has de ser capaz de diseccionar el contexto hist\u00f3rico tanto como a tus personajes, si escribes sobre un barrio humilde asumir\u00e1s el papel de experta social, si es de maltrato o abuso caminar\u00e1s entre la psicolog\u00eda y la teor\u00eda feminista, o si tu historia gira en torno a una familia, como tantas otras, deber\u00e1s tener respuestas hondas sobre el declive o la vigencia de esta instituci\u00f3n. Hay que tener el discurso preparado o fingir que sabes, ya que no basta con la ficci\u00f3n por s\u00ed sola, hay que a\u00f1adirle te\u00f3rica. Es injusto, porque no hay nada mejor para entender la psique humana o la manera en que una \u00e9poca determina la vida de los individuos que la literatura. O el cine.<\/p>\n\n\n\n<p><a rel=\"noreferrer noopener\" href=\"https:\/\/elpais.com\/cultura\/2022-10-23\/finge-que-sabes-y-te-ira-mejor.html\" target=\"_blank\">EL ART\u00cdCULO SIGUE AQU\u00cd >> <\/a><\/p>\n","protected":false},"excerpt":{"rendered":"<p>Si bien los a\u00f1os de experiencia me tendr\u00edan que haber ense\u00f1ado a afrontar cualquier pregunta con soltura, reconozco que el \u00fanico aplomo que he adquirido con el tiempo es el de atreverme a decir: yo de eso no s\u00e9, no soy experta. Pero ocurre que estamos en una \u00e9poca en la que el discurso pol\u00edtico [&hellip;]<\/p>\n","protected":false},"author":2,"featured_media":0,"comment_status":"open","ping_status":"open","sticky":false,"template":"","format":"standard","meta":{"footnotes":""},"categories":[29],"tags":[],"class_list":["post-3749","post","type-post","status-publish","format-standard","hentry","category-articulos-opinion"],"_links":{"self":[{"href":"https:\/\/www.elviralindo.com\/blog\/wp-json\/wp\/v2\/posts\/3749","targetHints":{"allow":["GET"]}}],"collection":[{"href":"https:\/\/www.elviralindo.com\/blog\/wp-json\/wp\/v2\/posts"}],"about":[{"href":"https:\/\/www.elviralindo.com\/blog\/wp-json\/wp\/v2\/types\/post"}],"author":[{"embeddable":true,"href":"https:\/\/www.elviralindo.com\/blog\/wp-json\/wp\/v2\/users\/2"}],"replies":[{"embeddable":true,"href":"https:\/\/www.elviralindo.com\/blog\/wp-json\/wp\/v2\/comments?post=3749"}],"version-history":[{"count":1,"href":"https:\/\/www.elviralindo.com\/blog\/wp-json\/wp\/v2\/posts\/3749\/revisions"}],"predecessor-version":[{"id":3750,"href":"https:\/\/www.elviralindo.com\/blog\/wp-json\/wp\/v2\/posts\/3749\/revisions\/3750"}],"wp:attachment":[{"href":"https:\/\/www.elviralindo.com\/blog\/wp-json\/wp\/v2\/media?parent=3749"}],"wp:term":[{"taxonomy":"category","embeddable":true,"href":"https:\/\/www.elviralindo.com\/blog\/wp-json\/wp\/v2\/categories?post=3749"},{"taxonomy":"post_tag","embeddable":true,"href":"https:\/\/www.elviralindo.com\/blog\/wp-json\/wp\/v2\/tags?post=3749"}],"curies":[{"name":"wp","href":"https:\/\/api.w.org\/{rel}","templated":true}]}}