{"id":3300,"date":"2018-05-12T23:15:11","date_gmt":"2018-05-12T22:15:11","guid":{"rendered":"http:\/\/www.elviralindo.com\/blog\/?p=3300"},"modified":"2018-05-12T23:15:12","modified_gmt":"2018-05-12T22:15:12","slug":"nueva-york-escrito-en-la-cara","status":"publish","type":"post","link":"https:\/\/www.elviralindo.com\/blog\/don-de-gentes\/nueva-york-escrito-en-la-cara\/","title":{"rendered":"Nueva York Escrito En La Cara"},"content":{"rendered":"<p><img decoding=\"async\" src=\"https:\/\/www.elviralindo.com\/blog\/wp-content\/uploads\/2018\/05\/img_6958.jpg\" class=\"size-full\"><\/p>\n<p>Cuando viv\u00eda en Nueva York estaba convencida de que yo llevaba Madrid escrito en la cara. Al menos as\u00ed lo sent\u00eda muy poderosamente cuando estando sola en un restaurante daba por hecho que mi rostro delataba mi origen. Cuando alg\u00fan camarero o vecino me preguntaba si era italiana, israel\u00ed o griega me resultaba chocante. Vaya, \u00bfc\u00f3mo no ven que llevo Madrid escrito en la cara? En eso estaba pensando cuando vi la noche del mi\u00e9rcoles entrar a Vivian Gornick en un restaurante del barrio de las Letras. Me levant\u00e9, nos besamos, nos sentamos frente a frente y les aseguro que ah\u00ed estaba de pronto Nueva York. Nueva York en sus cuatro puntos cardinales, con toda su espina dorsal, del Bronx a Staten Island. <a href=\"https:\/\/elpais.com\/cultura\/2018\/05\/12\/actualidad\/1526139490_521556.html\">EL ART\u00cdCULO SIGUE AQU\u00cd -&gt;&gt;<\/a><\/p>\n","protected":false},"excerpt":{"rendered":"<p>Cuando viv\u00eda en Nueva York estaba convencida de que yo llevaba Madrid escrito en la cara. Al menos as\u00ed lo sent\u00eda muy poderosamente cuando estando sola en un restaurante daba por hecho que mi rostro delataba mi origen. Cuando alg\u00fan camarero o vecino me preguntaba si era italiana, israel\u00ed o griega me resultaba chocante. Vaya, [&hellip;]<\/p>\n","protected":false},"author":2,"featured_media":0,"comment_status":"open","ping_status":"open","sticky":false,"template":"","format":"standard","meta":{"footnotes":""},"categories":[16],"tags":[],"class_list":["post-3300","post","type-post","status-publish","format-standard","hentry","category-don-de-gentes"],"_links":{"self":[{"href":"https:\/\/www.elviralindo.com\/blog\/wp-json\/wp\/v2\/posts\/3300","targetHints":{"allow":["GET"]}}],"collection":[{"href":"https:\/\/www.elviralindo.com\/blog\/wp-json\/wp\/v2\/posts"}],"about":[{"href":"https:\/\/www.elviralindo.com\/blog\/wp-json\/wp\/v2\/types\/post"}],"author":[{"embeddable":true,"href":"https:\/\/www.elviralindo.com\/blog\/wp-json\/wp\/v2\/users\/2"}],"replies":[{"embeddable":true,"href":"https:\/\/www.elviralindo.com\/blog\/wp-json\/wp\/v2\/comments?post=3300"}],"version-history":[{"count":1,"href":"https:\/\/www.elviralindo.com\/blog\/wp-json\/wp\/v2\/posts\/3300\/revisions"}],"predecessor-version":[{"id":3301,"href":"https:\/\/www.elviralindo.com\/blog\/wp-json\/wp\/v2\/posts\/3300\/revisions\/3301"}],"wp:attachment":[{"href":"https:\/\/www.elviralindo.com\/blog\/wp-json\/wp\/v2\/media?parent=3300"}],"wp:term":[{"taxonomy":"category","embeddable":true,"href":"https:\/\/www.elviralindo.com\/blog\/wp-json\/wp\/v2\/categories?post=3300"},{"taxonomy":"post_tag","embeddable":true,"href":"https:\/\/www.elviralindo.com\/blog\/wp-json\/wp\/v2\/tags?post=3300"}],"curies":[{"name":"wp","href":"https:\/\/api.w.org\/{rel}","templated":true}]}}