{"id":3225,"date":"2017-11-19T01:14:44","date_gmt":"2017-11-19T00:14:44","guid":{"rendered":"http:\/\/www.elviralindo.com\/blog\/?p=3225"},"modified":"2017-11-19T01:14:44","modified_gmt":"2017-11-19T00:14:44","slug":"la-intolerancia-de-los-justos","status":"publish","type":"post","link":"https:\/\/www.elviralindo.com\/blog\/don-de-gentes\/la-intolerancia-de-los-justos\/","title":{"rendered":"La Intolerancia de los justos"},"content":{"rendered":"<p><img decoding=\"async\" src=\"https:\/\/www.elviralindo.com\/blog\/wp-content\/uploads\/2017\/11\/img_3248.jpg\" class=\"size-medium\"><\/p>\n<p>Pocas veces saco el nosotros a relucir. Por un lado, porque respeto tanto la experiencia ajena que no quiero apropiarme de ella, prefiero la antigua conexi\u00f3n con el pr\u00f3jimo de la solidaridad; por otro, tengo la impresi\u00f3n de que cada vez que se utiliza, nosotras o nosotros, es para dejarse a conciencia a alguien fuera. La primera persona del plural se ha convertido m\u00e1s que nunca en un pronombre excluyente, o al menos as\u00ed lo percibo cuando la gente retroalimenta sus convicciones cada d\u00eda, pol\u00e9mica tras pol\u00e9mica, movi\u00e9ndose dentro de un grupo homog\u00e9neo, escribiendo para un p\u00fablico seguro, sin arriesgar, no sali\u00e9ndose jam\u00e1s de la ortodoxia del colectivo dentro del cual se siente segura. <a href=\"https:\/\/elpais.com\/cultura\/2017\/11\/17\/actualidad\/1510945491_842557.html?id_externo_rsoc=FB_CC\">EL ARTICULO SIGUE AQUI -&gt;&gt; <\/a><\/p>\n","protected":false},"excerpt":{"rendered":"<p>Pocas veces saco el nosotros a relucir. Por un lado, porque respeto tanto la experiencia ajena que no quiero apropiarme de ella, prefiero la antigua conexi\u00f3n con el pr\u00f3jimo de la solidaridad; por otro, tengo la impresi\u00f3n de que cada vez que se utiliza, nosotras o nosotros, es para dejarse a conciencia a alguien fuera. [&hellip;]<\/p>\n","protected":false},"author":2,"featured_media":0,"comment_status":"open","ping_status":"open","sticky":false,"template":"","format":"standard","meta":{"footnotes":""},"categories":[16],"tags":[],"class_list":["post-3225","post","type-post","status-publish","format-standard","hentry","category-don-de-gentes"],"_links":{"self":[{"href":"https:\/\/www.elviralindo.com\/blog\/wp-json\/wp\/v2\/posts\/3225","targetHints":{"allow":["GET"]}}],"collection":[{"href":"https:\/\/www.elviralindo.com\/blog\/wp-json\/wp\/v2\/posts"}],"about":[{"href":"https:\/\/www.elviralindo.com\/blog\/wp-json\/wp\/v2\/types\/post"}],"author":[{"embeddable":true,"href":"https:\/\/www.elviralindo.com\/blog\/wp-json\/wp\/v2\/users\/2"}],"replies":[{"embeddable":true,"href":"https:\/\/www.elviralindo.com\/blog\/wp-json\/wp\/v2\/comments?post=3225"}],"version-history":[{"count":1,"href":"https:\/\/www.elviralindo.com\/blog\/wp-json\/wp\/v2\/posts\/3225\/revisions"}],"predecessor-version":[{"id":3226,"href":"https:\/\/www.elviralindo.com\/blog\/wp-json\/wp\/v2\/posts\/3225\/revisions\/3226"}],"wp:attachment":[{"href":"https:\/\/www.elviralindo.com\/blog\/wp-json\/wp\/v2\/media?parent=3225"}],"wp:term":[{"taxonomy":"category","embeddable":true,"href":"https:\/\/www.elviralindo.com\/blog\/wp-json\/wp\/v2\/categories?post=3225"},{"taxonomy":"post_tag","embeddable":true,"href":"https:\/\/www.elviralindo.com\/blog\/wp-json\/wp\/v2\/tags?post=3225"}],"curies":[{"name":"wp","href":"https:\/\/api.w.org\/{rel}","templated":true}]}}