{"id":3115,"date":"2016-12-24T02:24:29","date_gmt":"2016-12-24T01:24:29","guid":{"rendered":"http:\/\/www.elviralindo.com\/blog\/?p=3115"},"modified":"2016-12-24T02:24:29","modified_gmt":"2016-12-24T01:24:29","slug":"tu-eres-tonto-chaval","status":"publish","type":"post","link":"https:\/\/www.elviralindo.com\/blog\/don-de-gentes\/tu-eres-tonto-chaval\/","title":{"rendered":"T\u00da ERES TONTO, CHAVAL"},"content":{"rendered":"<p><a href=\"https:\/\/www.elviralindo.com\/blog\/wp-content\/uploads\/2016\/12\/img_4822.jpg\"><img loading=\"lazy\" decoding=\"async\" width=\"320\" height=\"182\" alt=\"\" src=\"https:\/\/www.elviralindo.com\/blog\/wp-content\/uploads\/2016\/12\/img_4822.jpg\" title=\"\" class=\"alignnone size-large wp-image-3114\" srcset=\"https:\/\/www.elviralindo.com\/blog\/wp-content\/uploads\/2016\/12\/img_4822.jpg 320w, https:\/\/www.elviralindo.com\/blog\/wp-content\/uploads\/2016\/12\/img_4822-122x69.jpg 122w\" sizes=\"auto, (max-width: 320px) 100vw, 320px\" \/><\/a><br \/>\nHabl\u00e1bamos de cine y humor y el tema se desvi\u00f3, mejor dicho, se top\u00f3 con el asunto del momento: la indignaci\u00f3n y los l\u00edmites de la libertad de expresi\u00f3n. Hay un tipo del que yo no sab\u00eda nada hasta hace una semana que de pronto salt\u00f3 a todas las bocas que frecuentan las redes: Cremades, un joven barbado que hace v\u00eddeos de chistes bobalicones con tufillo rancio machistoide.Vi dos o tres gracietas y ya. Al parecer, se trataba de alguien muy popular entre aficionados al chiste (no me encuentro entre ellos porque los chistosos me exasperan). Result\u00f3 que el tal Cremades dijo en una entrevista que tambi\u00e9n hab\u00eda hombres violados (en las prisiones), incluso m\u00e1s que mujeres y que de eso no se dec\u00eda nada. Una idiotez de alguien que no tiene muchas luces. Pero se lio parda. A las bobadas de Cremades sigui\u00f3 la condena en la plaza p\u00fablica virtual. El chistoso pidi\u00f3 perd\u00f3n, suplic\u00f3 el indulto, y al poco la furia se apag\u00f3 hasta el pr\u00f3ximo combate. <a href=\"http:\/\/cultura.elpais.com\/cultura\/2016\/12\/23\/actualidad\/1482515361_348362.html\">EL ART\u00cdCULO SIGUE AQU\u00cd -&gt;&gt;&nbsp;<\/a><\/p>\n","protected":false},"excerpt":{"rendered":"<p>Habl\u00e1bamos de cine y humor y el tema se desvi\u00f3, mejor dicho, se top\u00f3 con el asunto del momento: la indignaci\u00f3n y los l\u00edmites de la libertad de expresi\u00f3n. Hay un tipo del que yo no sab\u00eda nada hasta hace una semana que de pronto salt\u00f3 a todas las bocas que frecuentan las redes: Cremades, [&hellip;]<\/p>\n","protected":false},"author":2,"featured_media":0,"comment_status":"open","ping_status":"open","sticky":false,"template":"","format":"standard","meta":{"footnotes":""},"categories":[16],"tags":[],"class_list":["post-3115","post","type-post","status-publish","format-standard","hentry","category-don-de-gentes"],"_links":{"self":[{"href":"https:\/\/www.elviralindo.com\/blog\/wp-json\/wp\/v2\/posts\/3115","targetHints":{"allow":["GET"]}}],"collection":[{"href":"https:\/\/www.elviralindo.com\/blog\/wp-json\/wp\/v2\/posts"}],"about":[{"href":"https:\/\/www.elviralindo.com\/blog\/wp-json\/wp\/v2\/types\/post"}],"author":[{"embeddable":true,"href":"https:\/\/www.elviralindo.com\/blog\/wp-json\/wp\/v2\/users\/2"}],"replies":[{"embeddable":true,"href":"https:\/\/www.elviralindo.com\/blog\/wp-json\/wp\/v2\/comments?post=3115"}],"version-history":[{"count":1,"href":"https:\/\/www.elviralindo.com\/blog\/wp-json\/wp\/v2\/posts\/3115\/revisions"}],"predecessor-version":[{"id":3116,"href":"https:\/\/www.elviralindo.com\/blog\/wp-json\/wp\/v2\/posts\/3115\/revisions\/3116"}],"wp:attachment":[{"href":"https:\/\/www.elviralindo.com\/blog\/wp-json\/wp\/v2\/media?parent=3115"}],"wp:term":[{"taxonomy":"category","embeddable":true,"href":"https:\/\/www.elviralindo.com\/blog\/wp-json\/wp\/v2\/categories?post=3115"},{"taxonomy":"post_tag","embeddable":true,"href":"https:\/\/www.elviralindo.com\/blog\/wp-json\/wp\/v2\/tags?post=3115"}],"curies":[{"name":"wp","href":"https:\/\/api.w.org\/{rel}","templated":true}]}}