{"id":3074,"date":"2016-10-28T23:16:10","date_gmt":"2016-10-28T22:16:10","guid":{"rendered":"http:\/\/www.elviralindo.com\/blog\/?p=3074"},"modified":"2016-10-28T23:16:10","modified_gmt":"2016-10-28T22:16:10","slug":"hemos-creado-monstruo","status":"publish","type":"post","link":"https:\/\/www.elviralindo.com\/blog\/don-de-gentes\/hemos-creado-monstruo\/","title":{"rendered":"Hemos creado un monstruo\u00bb"},"content":{"rendered":"<p><a href=\"https:\/\/www.elviralindo.com\/blog\/wp-content\/uploads\/2016\/10\/C0I3747.jpg\"><img loading=\"lazy\" decoding=\"async\" class=\"alignnone size-medium wp-image-3075\" title=\"_C0I3747\" src=\"https:\/\/www.elviralindo.com\/blog\/wp-content\/uploads\/2016\/10\/C0I3747-460x306.jpg\" alt=\"\" width=\"460\" height=\"306\" srcset=\"https:\/\/www.elviralindo.com\/blog\/wp-content\/uploads\/2016\/10\/C0I3747-460x306.jpg 460w, https:\/\/www.elviralindo.com\/blog\/wp-content\/uploads\/2016\/10\/C0I3747-1024x682.jpg 1024w, https:\/\/www.elviralindo.com\/blog\/wp-content\/uploads\/2016\/10\/C0I3747-122x81.jpg 122w\" sizes=\"auto, (max-width: 460px) 100vw, 460px\" \/><\/a><\/p>\n<p>Un monstruo no se crea de la noche a la ma\u00f1ana. Si en el \u00e1mbito familiar intervienen padres, titos y abuelas en la creaci\u00f3n de un ser consentido y eg\u00f3latra, cuando se trata de un monstruo nacional como Trump, han de ser muchos los ciudadanos que se apliquen durante a\u00f1os para que un egoman\u00edaco de escasas luces est\u00e9 a un paso de la presidencia. Se est\u00e1 dando la c\u00f3mica situaci\u00f3n de que algunas de las personas que participaron activamente en la creaci\u00f3n de Frankenstein est\u00e9n saliendo del armario en estos d\u00edas para confesar: \u201cS\u00ed, yo tambi\u00e9n tengo algo de culpa\u201d. Uno de ellos ha sido Tony Schwartz, un tipo que en 1987 ya se hab\u00eda hecho un nombrecillo como periodista, pero que se dej\u00f3 seducir por la ins\u00f3lita propuesta de Trump para que escribiera su autobiograf\u00eda. \u00bfHay alguien que quiera publicar su autobiograf\u00eda a los 38 a\u00f1os? Donald Trump. Aunque hoy en d\u00eda, con la excusa de la autoficci\u00f3n, los escritores empiezan a contar su vida desde preescolar.<br \/>\n<a href=\"http:\/\/cultura.elpais.com\/\u2026\/actualid\u2026\/1477677633_690342.html\">EL ART\u00cdCULO SIGUE AQU\u00cd -&gt;&gt;\u00a0<\/a><\/p>\n","protected":false},"excerpt":{"rendered":"<p>Un monstruo no se crea de la noche a la ma\u00f1ana. Si en el \u00e1mbito familiar intervienen padres, titos y abuelas en la creaci\u00f3n de un ser consentido y eg\u00f3latra, cuando se trata de un monstruo nacional como Trump, han de ser muchos los ciudadanos que se apliquen durante a\u00f1os para que un egoman\u00edaco de [&hellip;]<\/p>\n","protected":false},"author":2,"featured_media":0,"comment_status":"open","ping_status":"open","sticky":false,"template":"","format":"standard","meta":{"footnotes":""},"categories":[16],"tags":[],"class_list":["post-3074","post","type-post","status-publish","format-standard","hentry","category-don-de-gentes"],"_links":{"self":[{"href":"https:\/\/www.elviralindo.com\/blog\/wp-json\/wp\/v2\/posts\/3074","targetHints":{"allow":["GET"]}}],"collection":[{"href":"https:\/\/www.elviralindo.com\/blog\/wp-json\/wp\/v2\/posts"}],"about":[{"href":"https:\/\/www.elviralindo.com\/blog\/wp-json\/wp\/v2\/types\/post"}],"author":[{"embeddable":true,"href":"https:\/\/www.elviralindo.com\/blog\/wp-json\/wp\/v2\/users\/2"}],"replies":[{"embeddable":true,"href":"https:\/\/www.elviralindo.com\/blog\/wp-json\/wp\/v2\/comments?post=3074"}],"version-history":[{"count":2,"href":"https:\/\/www.elviralindo.com\/blog\/wp-json\/wp\/v2\/posts\/3074\/revisions"}],"predecessor-version":[{"id":3077,"href":"https:\/\/www.elviralindo.com\/blog\/wp-json\/wp\/v2\/posts\/3074\/revisions\/3077"}],"wp:attachment":[{"href":"https:\/\/www.elviralindo.com\/blog\/wp-json\/wp\/v2\/media?parent=3074"}],"wp:term":[{"taxonomy":"category","embeddable":true,"href":"https:\/\/www.elviralindo.com\/blog\/wp-json\/wp\/v2\/categories?post=3074"},{"taxonomy":"post_tag","embeddable":true,"href":"https:\/\/www.elviralindo.com\/blog\/wp-json\/wp\/v2\/tags?post=3074"}],"curies":[{"name":"wp","href":"https:\/\/api.w.org\/{rel}","templated":true}]}}