{"id":3043,"date":"2016-07-30T00:14:05","date_gmt":"2016-07-29T23:14:05","guid":{"rendered":"http:\/\/www.elviralindo.com\/blog\/?p=3043"},"modified":"2016-07-30T00:14:05","modified_gmt":"2016-07-29T23:14:05","slug":"los-libros-no-muerden","status":"publish","type":"post","link":"https:\/\/www.elviralindo.com\/blog\/don-de-gentes\/los-libros-no-muerden\/","title":{"rendered":"Los Libros No Muerden"},"content":{"rendered":"<p><a href=\"https:\/\/www.elviralindo.com\/blog\/wp-content\/uploads\/2016\/07\/img_1559.jpg\"><img loading=\"lazy\" decoding=\"async\" width=\"320\" height=\"186\" alt=\"\" src=\"https:\/\/www.elviralindo.com\/blog\/wp-content\/uploads\/2016\/07\/img_1559.jpg\" title=\"\" class=\"alignnone size-large wp-image-3042\" srcset=\"https:\/\/www.elviralindo.com\/blog\/wp-content\/uploads\/2016\/07\/img_1559.jpg 320w, https:\/\/www.elviralindo.com\/blog\/wp-content\/uploads\/2016\/07\/img_1559-122x70.jpg 122w\" sizes=\"auto, (max-width: 320px) 100vw, 320px\" \/><\/a><br \/>\nYo escrib\u00eda para ni\u00f1os. No s\u00e9 si ahora lo har\u00eda. De hecho, las nuevas ediciones de mis Manolitos se han publicado en una colecci\u00f3n de adultos. No quiero problemas. As\u00ed, si uno de tantos comit\u00e9s inquisidores que han surgido en Espa\u00f1a se\u00f1ala uno de mis libros como inadecuado podr\u00e9 defenderme. Mi franja de edad es la de los antiguos humoristas: \u201cPara todos los p\u00fablicos\u201d. Mi primer librito se public\u00f3 en 1994, en otro pa\u00eds, tambi\u00e9n se llamaba Espa\u00f1a, pero era otro. Ya por entonces viajaba yo a EE UU y me frotaba las manos por pertenecer a una sociedad que s\u00ed admit\u00eda la incorrecci\u00f3n. Contaba con un batall\u00f3n de fieles que iban a comprar los Manolitos a las librer\u00edas y en muchos casos los le\u00edan con los mayores de la casa. Muchos maestros me dan las gracias porque se sirven de estos libros para animar a la lectura y hacer trabajos de redacci\u00f3n. Y yo siento la alegr\u00eda de haber contribuido a que tantos ni\u00f1os se hicieran lectores. Hace tres a\u00f1os publiqu\u00e9 un t\u00edtulo nuevo y lo present\u00e9 en la librer\u00eda M\u00e9ndez de Madrid. Los libreros alucinaban porque nunca hab\u00edan visto reunida a tanta juventud en el peque\u00f1o espacio de la librer\u00eda. Cuando lleg\u00f3 el turno de preguntas, ese p\u00fablico veintea\u00f1ero que me le\u00eda con devoci\u00f3n 15 a\u00f1os atr\u00e1s me agradec\u00eda el haber formado parte de su infancia. Estoy segura de que pocos escritores han probado la experiencia de tener un p\u00fablico rendido, no hacia ti sino hacia tu personaje. <a href=\"http:\/\/elpais.com\/elpais\/2016\/07\/27\/estilo\/1469640131_540506.html\">EL ART\u00cdCULO SIGUE AQU\u00cd -&gt;&gt;&nbsp;<\/a><\/p>\n","protected":false},"excerpt":{"rendered":"<p>Yo escrib\u00eda para ni\u00f1os. No s\u00e9 si ahora lo har\u00eda. De hecho, las nuevas ediciones de mis Manolitos se han publicado en una colecci\u00f3n de adultos. No quiero problemas. As\u00ed, si uno de tantos comit\u00e9s inquisidores que han surgido en Espa\u00f1a se\u00f1ala uno de mis libros como inadecuado podr\u00e9 defenderme. Mi franja de edad es [&hellip;]<\/p>\n","protected":false},"author":2,"featured_media":0,"comment_status":"open","ping_status":"open","sticky":false,"template":"","format":"standard","meta":{"footnotes":""},"categories":[16],"tags":[],"class_list":["post-3043","post","type-post","status-publish","format-standard","hentry","category-don-de-gentes"],"_links":{"self":[{"href":"https:\/\/www.elviralindo.com\/blog\/wp-json\/wp\/v2\/posts\/3043","targetHints":{"allow":["GET"]}}],"collection":[{"href":"https:\/\/www.elviralindo.com\/blog\/wp-json\/wp\/v2\/posts"}],"about":[{"href":"https:\/\/www.elviralindo.com\/blog\/wp-json\/wp\/v2\/types\/post"}],"author":[{"embeddable":true,"href":"https:\/\/www.elviralindo.com\/blog\/wp-json\/wp\/v2\/users\/2"}],"replies":[{"embeddable":true,"href":"https:\/\/www.elviralindo.com\/blog\/wp-json\/wp\/v2\/comments?post=3043"}],"version-history":[{"count":1,"href":"https:\/\/www.elviralindo.com\/blog\/wp-json\/wp\/v2\/posts\/3043\/revisions"}],"predecessor-version":[{"id":3044,"href":"https:\/\/www.elviralindo.com\/blog\/wp-json\/wp\/v2\/posts\/3043\/revisions\/3044"}],"wp:attachment":[{"href":"https:\/\/www.elviralindo.com\/blog\/wp-json\/wp\/v2\/media?parent=3043"}],"wp:term":[{"taxonomy":"category","embeddable":true,"href":"https:\/\/www.elviralindo.com\/blog\/wp-json\/wp\/v2\/categories?post=3043"},{"taxonomy":"post_tag","embeddable":true,"href":"https:\/\/www.elviralindo.com\/blog\/wp-json\/wp\/v2\/tags?post=3043"}],"curies":[{"name":"wp","href":"https:\/\/api.w.org\/{rel}","templated":true}]}}