{"id":3014,"date":"2016-06-03T22:55:27","date_gmt":"2016-06-03T21:55:27","guid":{"rendered":"http:\/\/www.elviralindo.com\/blog\/?p=3014"},"modified":"2016-06-10T23:01:18","modified_gmt":"2016-06-10T22:01:18","slug":"paco-leon-lleno-eres-de-gracia","status":"publish","type":"post","link":"https:\/\/www.elviralindo.com\/blog\/don-de-gentes\/paco-leon-lleno-eres-de-gracia\/","title":{"rendered":"Paco Le\u00f3n, lleno eres de gracia"},"content":{"rendered":"<p><a href=\"https:\/\/www.elviralindo.com\/blog\/wp-content\/uploads\/2016\/06\/img_0197.jpg\"><img loading=\"lazy\" decoding=\"async\" width=\"320\" height=\"198\" alt=\"\" src=\"https:\/\/www.elviralindo.com\/blog\/wp-content\/uploads\/2016\/06\/img_0197.jpg\" title=\"\" class=\"alignnone size-large wp-image-3013\" srcset=\"https:\/\/www.elviralindo.com\/blog\/wp-content\/uploads\/2016\/06\/img_0197.jpg 320w, https:\/\/www.elviralindo.com\/blog\/wp-content\/uploads\/2016\/06\/img_0197-122x75.jpg 122w\" sizes=\"auto, (max-width: 320px) 100vw, 320px\" \/><\/a><\/p>\n<p>Un se\u00f1or muy ense\u00f1oreado, como dec\u00eda el viejo acertijo, se levant\u00f3 y, al grito de \u201c\u00a1Si Chueca levantara la cabeza!\u201d, se dispuso a abandonar el Teatro de la Zarzuela, no sin antes obligar a que unas seis se\u00f1oras, muy empingorotadas ellas, se levantaran de sus asientos para que el ofendido anciano pudiera salir. Todo esto, dicho sea sin ofender, con el consiguiente l\u00edo de butacas, cardados tremendos, pr\u00f3tesis de cadera, bolsos como maletas y dem\u00e1s complementos propios de la edad provecta. Esas cosas pasan estas noches de verano inminente en el teatro porque se da la circunstancia de que ha llegado el director de escena Miguel del Arco y ha armado la tremolina uniendo piezas de La Gran V\u00eda y de El a\u00f1o pasado por agua para ilustrar el viaje pesadillesco de Paco, Paco Le\u00f3n, un pobre hombre que una noche se duerme harto del ruidazo de la capital y se despierta a \u00faltimos del XIX, en v\u00edsperas de la inauguraci\u00f3n de nuestra Gran V\u00eda, y digo nuestra, refiri\u00e9ndome a los que vivimos aqu\u00ed, pero tambi\u00e9n a usted que vive en Albacete, Barcelona o Bilbao, porque en palabras de G\u00f3mez de la Serna, que brotan de la boca de Paco en algunos momentos, \u201cnadie es ajeno en Madrid, Madrid es uno mismo, una misma\u201d.<br \/>\n<a href=\"http:\/\/elpais.com\/elpais\/2016\/06\/02\/estilo\/1464882619_966363.html\">EL ART\u00cdCULO SIGUE AQU\u00cd -&gt;&gt;<\/a>&nbsp;<\/p>\n","protected":false},"excerpt":{"rendered":"<p>Un se\u00f1or muy ense\u00f1oreado, como dec\u00eda el viejo acertijo, se levant\u00f3 y, al grito de \u201c\u00a1Si Chueca levantara la cabeza!\u201d, se dispuso a abandonar el Teatro de la Zarzuela, no sin antes obligar a que unas seis se\u00f1oras, muy empingorotadas ellas, se levantaran de sus asientos para que el ofendido anciano pudiera salir. Todo esto, [&hellip;]<\/p>\n","protected":false},"author":2,"featured_media":0,"comment_status":"open","ping_status":"open","sticky":false,"template":"","format":"standard","meta":{"footnotes":""},"categories":[16],"tags":[],"class_list":["post-3014","post","type-post","status-publish","format-standard","hentry","category-don-de-gentes"],"_links":{"self":[{"href":"https:\/\/www.elviralindo.com\/blog\/wp-json\/wp\/v2\/posts\/3014","targetHints":{"allow":["GET"]}}],"collection":[{"href":"https:\/\/www.elviralindo.com\/blog\/wp-json\/wp\/v2\/posts"}],"about":[{"href":"https:\/\/www.elviralindo.com\/blog\/wp-json\/wp\/v2\/types\/post"}],"author":[{"embeddable":true,"href":"https:\/\/www.elviralindo.com\/blog\/wp-json\/wp\/v2\/users\/2"}],"replies":[{"embeddable":true,"href":"https:\/\/www.elviralindo.com\/blog\/wp-json\/wp\/v2\/comments?post=3014"}],"version-history":[{"count":3,"href":"https:\/\/www.elviralindo.com\/blog\/wp-json\/wp\/v2\/posts\/3014\/revisions"}],"predecessor-version":[{"id":3017,"href":"https:\/\/www.elviralindo.com\/blog\/wp-json\/wp\/v2\/posts\/3014\/revisions\/3017"}],"wp:attachment":[{"href":"https:\/\/www.elviralindo.com\/blog\/wp-json\/wp\/v2\/media?parent=3014"}],"wp:term":[{"taxonomy":"category","embeddable":true,"href":"https:\/\/www.elviralindo.com\/blog\/wp-json\/wp\/v2\/categories?post=3014"},{"taxonomy":"post_tag","embeddable":true,"href":"https:\/\/www.elviralindo.com\/blog\/wp-json\/wp\/v2\/tags?post=3014"}],"curies":[{"name":"wp","href":"https:\/\/api.w.org\/{rel}","templated":true}]}}