{"id":2916,"date":"2015-11-21T13:50:11","date_gmt":"2015-11-21T12:50:11","guid":{"rendered":"http:\/\/www.elviralindo.com\/blog\/?p=2916"},"modified":"2015-11-21T01:53:21","modified_gmt":"2015-11-21T00:53:21","slug":"noches-sin-dormir-el-ultimo-libro-de-elvira-lindo","status":"publish","type":"post","link":"https:\/\/www.elviralindo.com\/blog\/noches-sin-dormir\/noches-sin-dormir-el-ultimo-libro-de-elvira-lindo\/","title":{"rendered":"Noches Sin Dormir, el \u00faltimo libro de Elvira Lindo"},"content":{"rendered":"<p>&nbsp;<a href=\"https:\/\/www.elviralindo.com\/blog\/wp-content\/uploads\/2015\/11\/IMG_5660.jpg\"><img loading=\"lazy\" decoding=\"async\" width=\"302\" height=\"460\" alt=\"\" src=\"https:\/\/www.elviralindo.com\/blog\/wp-content\/uploads\/2015\/11\/IMG_5660.jpg\" title=\"\" class=\"size-medium\"><\/a>&nbsp;<\/p>\n<p>El 24 de este mes estar\u00e1 en las librer\u00edas mi libro \u00abNoches sin dormir\u00bb. Se trata de un diario muy personal de mi \u00faltimo invierno en Nueva York ilustrado con fotos de la ciudad que he tomado en estos dos \u00faltimos a\u00f1os. Desde esta p\u00e1gina os ir\u00e9 informando. Un abrazo a todos los amigos de este muro por vuestra fidelidad y vuestros comentarios.<\/p>\n<p>http:\/\/www.planetadelibros.com\/noches-sin-dormir-libro-204873.html<\/p>\n","protected":false},"excerpt":{"rendered":"<p>&nbsp;&nbsp; El 24 de este mes estar\u00e1 en las librer\u00edas mi libro \u00abNoches sin dormir\u00bb. Se trata de un diario muy personal de mi \u00faltimo invierno en Nueva York ilustrado con fotos de la ciudad que he tomado en estos dos \u00faltimos a\u00f1os. Desde esta p\u00e1gina os ir\u00e9 informando. Un abrazo a todos los amigos [&hellip;]<\/p>\n","protected":false},"author":2,"featured_media":0,"comment_status":"open","ping_status":"open","sticky":false,"template":"","format":"standard","meta":{"footnotes":""},"categories":[54],"tags":[],"class_list":["post-2916","post","type-post","status-publish","format-standard","hentry","category-noches-sin-dormir"],"_links":{"self":[{"href":"https:\/\/www.elviralindo.com\/blog\/wp-json\/wp\/v2\/posts\/2916","targetHints":{"allow":["GET"]}}],"collection":[{"href":"https:\/\/www.elviralindo.com\/blog\/wp-json\/wp\/v2\/posts"}],"about":[{"href":"https:\/\/www.elviralindo.com\/blog\/wp-json\/wp\/v2\/types\/post"}],"author":[{"embeddable":true,"href":"https:\/\/www.elviralindo.com\/blog\/wp-json\/wp\/v2\/users\/2"}],"replies":[{"embeddable":true,"href":"https:\/\/www.elviralindo.com\/blog\/wp-json\/wp\/v2\/comments?post=2916"}],"version-history":[{"count":1,"href":"https:\/\/www.elviralindo.com\/blog\/wp-json\/wp\/v2\/posts\/2916\/revisions"}],"predecessor-version":[{"id":2917,"href":"https:\/\/www.elviralindo.com\/blog\/wp-json\/wp\/v2\/posts\/2916\/revisions\/2917"}],"wp:attachment":[{"href":"https:\/\/www.elviralindo.com\/blog\/wp-json\/wp\/v2\/media?parent=2916"}],"wp:term":[{"taxonomy":"category","embeddable":true,"href":"https:\/\/www.elviralindo.com\/blog\/wp-json\/wp\/v2\/categories?post=2916"},{"taxonomy":"post_tag","embeddable":true,"href":"https:\/\/www.elviralindo.com\/blog\/wp-json\/wp\/v2\/tags?post=2916"}],"curies":[{"name":"wp","href":"https:\/\/api.w.org\/{rel}","templated":true}]}}