{"id":2793,"date":"2015-07-29T09:07:21","date_gmt":"2015-07-29T08:07:21","guid":{"rendered":"http:\/\/www.elviralindo.com\/blog\/?p=2793"},"modified":"2015-07-29T09:07:21","modified_gmt":"2015-07-29T08:07:21","slug":"capital-de-la-franquicia","status":"publish","type":"post","link":"https:\/\/www.elviralindo.com\/blog\/articulos-opinion\/capital-de-la-franquicia\/","title":{"rendered":"Capital de la Franquicia"},"content":{"rendered":"<p><a href=\"https:\/\/www.elviralindo.com\/blog\/wp-content\/uploads\/2015\/07\/Screen-Shot-2015-07-28-at-6.25.10-PM.png\"><img loading=\"lazy\" decoding=\"async\" class=\"alignnone size-medium wp-image-2794\" title=\"Screen Shot 2015-07-28 at 6.25.10 PM\" src=\"https:\/\/www.elviralindo.com\/blog\/wp-content\/uploads\/2015\/07\/Screen-Shot-2015-07-28-at-6.25.10-PM-460x460.png\" alt=\"\" width=\"460\" height=\"460\" srcset=\"https:\/\/www.elviralindo.com\/blog\/wp-content\/uploads\/2015\/07\/Screen-Shot-2015-07-28-at-6.25.10-PM-460x460.png 460w, https:\/\/www.elviralindo.com\/blog\/wp-content\/uploads\/2015\/07\/Screen-Shot-2015-07-28-at-6.25.10-PM-120x120.png 120w, https:\/\/www.elviralindo.com\/blog\/wp-content\/uploads\/2015\/07\/Screen-Shot-2015-07-28-at-6.25.10-PM-122x122.png 122w, https:\/\/www.elviralindo.com\/blog\/wp-content\/uploads\/2015\/07\/Screen-Shot-2015-07-28-at-6.25.10-PM.png 652w\" sizes=\"auto, (max-width: 460px) 100vw, 460px\" \/><\/a><\/p>\n<p>A pesar de que estos dos d\u00edas se hace recuento de los nombres ilustres que compartieron charla y caf\u00e9 en sus mesas, lo realmente bueno de #ElComercial era que no pertenec\u00eda a los escritores, ni a los dibujantes, ni a los guionistas, ni a los jugadores de ajedrez, ni a los c\u00f3micos, ni a los cronistas que con tanta frecuencia poblaron sus salas, la de arriba y la de abajo. Lo atractivo era el p\u00fablico heterog\u00e9neo, que no se sent\u00eda intimidado por el peso de la cultura; su sal\u00f3n abrigaba tertulias de abuelas en invierno, que tomaban caf\u00e9 con churros y limonada en verano, y que asombraban con su viva presencia a los extranjeros que suelen se\u00f1alar, como una de nuestras peculiaridades, la gran actividad social de los viejos, m\u00e1s a\u00fan de las viejas, amantes de las cafeter\u00edas. <a href=\"http:\/\/elpais.com\/elpais\/2015\/07\/28\/estilo\/1438086962_900450.html\">EL ARTICULO SIGUE AQUI &gt;&gt;\u00a0<\/a><\/p>\n","protected":false},"excerpt":{"rendered":"<p>A pesar de que estos dos d\u00edas se hace recuento de los nombres ilustres que compartieron charla y caf\u00e9 en sus mesas, lo realmente bueno de #ElComercial era que no pertenec\u00eda a los escritores, ni a los dibujantes, ni a los guionistas, ni a los jugadores de ajedrez, ni a los c\u00f3micos, ni a los [&hellip;]<\/p>\n","protected":false},"author":2,"featured_media":0,"comment_status":"open","ping_status":"open","sticky":false,"template":"","format":"standard","meta":{"footnotes":""},"categories":[29],"tags":[],"class_list":["post-2793","post","type-post","status-publish","format-standard","hentry","category-articulos-opinion"],"_links":{"self":[{"href":"https:\/\/www.elviralindo.com\/blog\/wp-json\/wp\/v2\/posts\/2793","targetHints":{"allow":["GET"]}}],"collection":[{"href":"https:\/\/www.elviralindo.com\/blog\/wp-json\/wp\/v2\/posts"}],"about":[{"href":"https:\/\/www.elviralindo.com\/blog\/wp-json\/wp\/v2\/types\/post"}],"author":[{"embeddable":true,"href":"https:\/\/www.elviralindo.com\/blog\/wp-json\/wp\/v2\/users\/2"}],"replies":[{"embeddable":true,"href":"https:\/\/www.elviralindo.com\/blog\/wp-json\/wp\/v2\/comments?post=2793"}],"version-history":[{"count":2,"href":"https:\/\/www.elviralindo.com\/blog\/wp-json\/wp\/v2\/posts\/2793\/revisions"}],"predecessor-version":[{"id":2796,"href":"https:\/\/www.elviralindo.com\/blog\/wp-json\/wp\/v2\/posts\/2793\/revisions\/2796"}],"wp:attachment":[{"href":"https:\/\/www.elviralindo.com\/blog\/wp-json\/wp\/v2\/media?parent=2793"}],"wp:term":[{"taxonomy":"category","embeddable":true,"href":"https:\/\/www.elviralindo.com\/blog\/wp-json\/wp\/v2\/categories?post=2793"},{"taxonomy":"post_tag","embeddable":true,"href":"https:\/\/www.elviralindo.com\/blog\/wp-json\/wp\/v2\/tags?post=2793"}],"curies":[{"name":"wp","href":"https:\/\/api.w.org\/{rel}","templated":true}]}}