{"id":2697,"date":"2015-02-14T06:21:16","date_gmt":"2015-02-14T05:21:16","guid":{"rendered":"http:\/\/www.elviralindo.com\/blog\/?p=2697"},"modified":"2015-03-08T06:22:13","modified_gmt":"2015-03-08T05:22:13","slug":"la-decision-de-tania","status":"publish","type":"post","link":"https:\/\/www.elviralindo.com\/blog\/don-de-gentes\/la-decision-de-tania\/","title":{"rendered":"La Decisi\u00f3n de Tania"},"content":{"rendered":"<p><a href=\"https:\/\/www.elviralindo.com\/blog\/wp-content\/uploads\/2015\/03\/10959421_10153068450871092_2096102170337929856_n.jpg\"><img loading=\"lazy\" decoding=\"async\" class=\"alignnone size-medium wp-image-2698\" title=\"10959421_10153068450871092_2096102170337929856_n\" src=\"https:\/\/www.elviralindo.com\/blog\/wp-content\/uploads\/2015\/03\/10959421_10153068450871092_2096102170337929856_n-460x247.jpg\" alt=\"\" width=\"460\" height=\"247\" srcset=\"https:\/\/www.elviralindo.com\/blog\/wp-content\/uploads\/2015\/03\/10959421_10153068450871092_2096102170337929856_n-460x247.jpg 460w, https:\/\/www.elviralindo.com\/blog\/wp-content\/uploads\/2015\/03\/10959421_10153068450871092_2096102170337929856_n-122x65.jpg 122w, https:\/\/www.elviralindo.com\/blog\/wp-content\/uploads\/2015\/03\/10959421_10153068450871092_2096102170337929856_n.jpg 644w\" sizes=\"auto, (max-width: 460px) 100vw, 460px\" \/><\/a><\/p>\n<p>Nada m\u00e1s humano que desear que los amigos opinen como t\u00fa. Sobre todo, en pol\u00edtica, que es donde uno pone, no se sabe muy bien por qu\u00e9, gran parte del apasionamiento verbal que se le escatima a otras causas de la vida. Este es uno de los momentos de la historia (estamos condenados a ser historia en un futuro) en los que queremos que los nuestros, amigos y familiares, se decanten por lo mismo que nosotros, que apuesten por las mismas siglas, que paseen en las mismas manifestaciones, que vean la paja s\u00f3lo en el ojo ajeno y jam\u00e1s la viga en el propio, que repitan las mismas consignas, que compartan id\u00e9nticos rankings de los m\u00e1s decentes, los m\u00e1s corruptos, los m\u00e1s deshonestos, los salvadores, en fin, los buenos y los malos. <a href=\"http:\/\/elpais.com\/\u2026\/20\u2026\/02\/12\/opinion\/1423761564_647333.html\">EL ARTICULO SIGUE AQUI &#8211; &gt;&gt;<\/a><\/p>\n","protected":false},"excerpt":{"rendered":"<p>Nada m\u00e1s humano que desear que los amigos opinen como t\u00fa. Sobre todo, en pol\u00edtica, que es donde uno pone, no se sabe muy bien por qu\u00e9, gran parte del apasionamiento verbal que se le escatima a otras causas de la vida. Este es uno de los momentos de la historia (estamos condenados a ser [&hellip;]<\/p>\n","protected":false},"author":2,"featured_media":0,"comment_status":"open","ping_status":"open","sticky":false,"template":"","format":"standard","meta":{"footnotes":""},"categories":[16],"tags":[],"class_list":["post-2697","post","type-post","status-publish","format-standard","hentry","category-don-de-gentes"],"_links":{"self":[{"href":"https:\/\/www.elviralindo.com\/blog\/wp-json\/wp\/v2\/posts\/2697","targetHints":{"allow":["GET"]}}],"collection":[{"href":"https:\/\/www.elviralindo.com\/blog\/wp-json\/wp\/v2\/posts"}],"about":[{"href":"https:\/\/www.elviralindo.com\/blog\/wp-json\/wp\/v2\/types\/post"}],"author":[{"embeddable":true,"href":"https:\/\/www.elviralindo.com\/blog\/wp-json\/wp\/v2\/users\/2"}],"replies":[{"embeddable":true,"href":"https:\/\/www.elviralindo.com\/blog\/wp-json\/wp\/v2\/comments?post=2697"}],"version-history":[{"count":2,"href":"https:\/\/www.elviralindo.com\/blog\/wp-json\/wp\/v2\/posts\/2697\/revisions"}],"predecessor-version":[{"id":2700,"href":"https:\/\/www.elviralindo.com\/blog\/wp-json\/wp\/v2\/posts\/2697\/revisions\/2700"}],"wp:attachment":[{"href":"https:\/\/www.elviralindo.com\/blog\/wp-json\/wp\/v2\/media?parent=2697"}],"wp:term":[{"taxonomy":"category","embeddable":true,"href":"https:\/\/www.elviralindo.com\/blog\/wp-json\/wp\/v2\/categories?post=2697"},{"taxonomy":"post_tag","embeddable":true,"href":"https:\/\/www.elviralindo.com\/blog\/wp-json\/wp\/v2\/tags?post=2697"}],"curies":[{"name":"wp","href":"https:\/\/api.w.org\/{rel}","templated":true}]}}