{"id":2670,"date":"2015-01-03T20:15:25","date_gmt":"2015-01-03T19:15:25","guid":{"rendered":"http:\/\/www.elviralindo.com\/blog\/?p=2670"},"modified":"2015-01-12T20:16:33","modified_gmt":"2015-01-12T19:16:33","slug":"en-memoria-de-carla","status":"publish","type":"post","link":"https:\/\/www.elviralindo.com\/blog\/don-de-gentes\/en-memoria-de-carla\/","title":{"rendered":"En Memoria de Carla"},"content":{"rendered":"<p><a href=\"https:\/\/www.elviralindo.com\/blog\/wp-content\/uploads\/2015\/01\/1904001_10152965597861092_3527419547326361659_n.jpg\"><img loading=\"lazy\" decoding=\"async\" class=\"alignnone size-medium wp-image-2672\" title=\"1904001_10152965597861092_3527419547326361659_n\" src=\"https:\/\/www.elviralindo.com\/blog\/wp-content\/uploads\/2015\/01\/1904001_10152965597861092_3527419547326361659_n-460x258.jpg\" alt=\"\" width=\"460\" height=\"258\" srcset=\"https:\/\/www.elviralindo.com\/blog\/wp-content\/uploads\/2015\/01\/1904001_10152965597861092_3527419547326361659_n-460x258.jpg 460w, https:\/\/www.elviralindo.com\/blog\/wp-content\/uploads\/2015\/01\/1904001_10152965597861092_3527419547326361659_n-122x68.jpg 122w, https:\/\/www.elviralindo.com\/blog\/wp-content\/uploads\/2015\/01\/1904001_10152965597861092_3527419547326361659_n.jpg 960w\" sizes=\"auto, (max-width: 460px) 100vw, 460px\" \/><\/a><\/p>\n<p>A las v\u00edctimas hay que individualizarlas. Ponerles un rostro, una edad, una familia, un barrio, algunas inquietudes, unos cuantos sue\u00f1os, una debilidad visible o escondida. Los activistas sociales lo saben desde hace tiempo, tanto como para presentar cualquier campa\u00f1a que pretenda provocar empat\u00eda en el ciudadano con un rostro concreto, un nombre y una edad. Carla, por ejemplo. Una chica de 14 a\u00f1os que estudiaba en un colegio, el Santo \u00c1ngel de la Guarda, y con una madre que ahora conocemos, Monserrat. Carla se suicid\u00f3 arroj\u00e1ndose por un acantilado de su ciudad, Gij\u00f3n, enferma de desesperaci\u00f3n por el acoso y la burla a la que le somet\u00edan algunas compa\u00f1eras de clase. Se mofaban de su f\u00edsico y de su supuesta condici\u00f3n sexual. Las dos chicas que lideraron las vejaciones a las que la adolescente fue sometida el a\u00f1o antes de que se quitara la vida han sido condenadas a cuatro meses de tareas socioeducativas para mejorar su empat\u00eda con el pr\u00f3jimo, en particular, con los seres m\u00e1s d\u00e9biles. \u00bfEs suficiente? Si es esa la \u00fanica medida, no, desde luego que no. En cuatro meses no se cura la chuler\u00eda ni el desprecio por el dolor del otro. <a href=\"http:\/\/elpais.com\/elpais\/2015\/01\/02\/opinion\/1420216244_644883.html\">EL ART\u00cdCULO SIGUE AQU\u00cd -&gt;&gt;\u00a0<\/a><\/p>\n","protected":false},"excerpt":{"rendered":"<p>A las v\u00edctimas hay que individualizarlas. Ponerles un rostro, una edad, una familia, un barrio, algunas inquietudes, unos cuantos sue\u00f1os, una debilidad visible o escondida. Los activistas sociales lo saben desde hace tiempo, tanto como para presentar cualquier campa\u00f1a que pretenda provocar empat\u00eda en el ciudadano con un rostro concreto, un nombre y una edad. [&hellip;]<\/p>\n","protected":false},"author":2,"featured_media":0,"comment_status":"open","ping_status":"open","sticky":false,"template":"","format":"standard","meta":{"footnotes":""},"categories":[16],"tags":[],"class_list":["post-2670","post","type-post","status-publish","format-standard","hentry","category-don-de-gentes"],"_links":{"self":[{"href":"https:\/\/www.elviralindo.com\/blog\/wp-json\/wp\/v2\/posts\/2670","targetHints":{"allow":["GET"]}}],"collection":[{"href":"https:\/\/www.elviralindo.com\/blog\/wp-json\/wp\/v2\/posts"}],"about":[{"href":"https:\/\/www.elviralindo.com\/blog\/wp-json\/wp\/v2\/types\/post"}],"author":[{"embeddable":true,"href":"https:\/\/www.elviralindo.com\/blog\/wp-json\/wp\/v2\/users\/2"}],"replies":[{"embeddable":true,"href":"https:\/\/www.elviralindo.com\/blog\/wp-json\/wp\/v2\/comments?post=2670"}],"version-history":[{"count":2,"href":"https:\/\/www.elviralindo.com\/blog\/wp-json\/wp\/v2\/posts\/2670\/revisions"}],"predecessor-version":[{"id":2673,"href":"https:\/\/www.elviralindo.com\/blog\/wp-json\/wp\/v2\/posts\/2670\/revisions\/2673"}],"wp:attachment":[{"href":"https:\/\/www.elviralindo.com\/blog\/wp-json\/wp\/v2\/media?parent=2670"}],"wp:term":[{"taxonomy":"category","embeddable":true,"href":"https:\/\/www.elviralindo.com\/blog\/wp-json\/wp\/v2\/categories?post=2670"},{"taxonomy":"post_tag","embeddable":true,"href":"https:\/\/www.elviralindo.com\/blog\/wp-json\/wp\/v2\/tags?post=2670"}],"curies":[{"name":"wp","href":"https:\/\/api.w.org\/{rel}","templated":true}]}}