{"id":2663,"date":"2014-12-20T20:12:53","date_gmt":"2014-12-20T19:12:53","guid":{"rendered":"http:\/\/www.elviralindo.com\/blog\/?p=2663"},"modified":"2015-01-12T20:14:00","modified_gmt":"2015-01-12T19:14:00","slug":"el-burro-el-salvaje","status":"publish","type":"post","link":"https:\/\/www.elviralindo.com\/blog\/don-de-gentes\/el-burro-el-salvaje\/","title":{"rendered":"El Burro y el Salvaje"},"content":{"rendered":"<p><a href=\"https:\/\/www.elviralindo.com\/blog\/wp-content\/uploads\/2015\/01\/10704109_10152914636016092_7295451320756571333_n1.png\"><img loading=\"lazy\" decoding=\"async\" class=\"alignnone size-medium wp-image-2665\" title=\"10704109_10152914636016092_7295451320756571333_n\" src=\"https:\/\/www.elviralindo.com\/blog\/wp-content\/uploads\/2015\/01\/10704109_10152914636016092_7295451320756571333_n1-460x265.png\" alt=\"\" width=\"460\" height=\"265\" srcset=\"https:\/\/www.elviralindo.com\/blog\/wp-content\/uploads\/2015\/01\/10704109_10152914636016092_7295451320756571333_n1-460x265.png 460w, https:\/\/www.elviralindo.com\/blog\/wp-content\/uploads\/2015\/01\/10704109_10152914636016092_7295451320756571333_n1-122x70.png 122w, https:\/\/www.elviralindo.com\/blog\/wp-content\/uploads\/2015\/01\/10704109_10152914636016092_7295451320756571333_n1.png 512w\" sizes=\"auto, (max-width: 460px) 100vw, 460px\" \/><\/a><\/p>\n<p>Hab\u00eda que celebrar el centenario de la publicaci\u00f3n de Platero y yo y, qu\u00e9 caramba, lo hemos hecho por todo lo alto. En principio, lo previsto en el programa es que los actos de celebraci\u00f3n se centraran en Moguer, el pueblo al que el poeta Juan Ram\u00f3n dedicara tantos y tan sentidos poemas, pero ya se sabe el tir\u00f3n que tiene la literatura en nuestros d\u00edas, y hubo alguien en Lucena (C\u00f3rdoba) que se quiso adelantar y dar el campanazo. Lo dicho, en este pa\u00eds no podemos parar de crear. El cuento resultante de la efem\u00e9ride no ha podido ser m\u00e1s navide\u00f1o, pero no en la onda edulcorada de los anuncios de la ONCE o del turr\u00f3n, en absoluto, este es un cuento como extra\u00eddo de la antolog\u00eda de esas narraciones ancestrales en las que jam\u00e1s se evitaban ni la crueldad ni la muerte. <a href=\"http:\/\/elpais.com\/elpais\/2014\/12\/19\/opinion\/1418990291_349755.html\">EL ARTICULO SIGUE AQUI &gt;&gt;<\/a><\/p>\n","protected":false},"excerpt":{"rendered":"<p>Hab\u00eda que celebrar el centenario de la publicaci\u00f3n de Platero y yo y, qu\u00e9 caramba, lo hemos hecho por todo lo alto. En principio, lo previsto en el programa es que los actos de celebraci\u00f3n se centraran en Moguer, el pueblo al que el poeta Juan Ram\u00f3n dedicara tantos y tan sentidos poemas, pero ya [&hellip;]<\/p>\n","protected":false},"author":2,"featured_media":0,"comment_status":"open","ping_status":"open","sticky":false,"template":"","format":"standard","meta":{"footnotes":""},"categories":[16],"tags":[],"class_list":["post-2663","post","type-post","status-publish","format-standard","hentry","category-don-de-gentes"],"_links":{"self":[{"href":"https:\/\/www.elviralindo.com\/blog\/wp-json\/wp\/v2\/posts\/2663","targetHints":{"allow":["GET"]}}],"collection":[{"href":"https:\/\/www.elviralindo.com\/blog\/wp-json\/wp\/v2\/posts"}],"about":[{"href":"https:\/\/www.elviralindo.com\/blog\/wp-json\/wp\/v2\/types\/post"}],"author":[{"embeddable":true,"href":"https:\/\/www.elviralindo.com\/blog\/wp-json\/wp\/v2\/users\/2"}],"replies":[{"embeddable":true,"href":"https:\/\/www.elviralindo.com\/blog\/wp-json\/wp\/v2\/comments?post=2663"}],"version-history":[{"count":1,"href":"https:\/\/www.elviralindo.com\/blog\/wp-json\/wp\/v2\/posts\/2663\/revisions"}],"predecessor-version":[{"id":2666,"href":"https:\/\/www.elviralindo.com\/blog\/wp-json\/wp\/v2\/posts\/2663\/revisions\/2666"}],"wp:attachment":[{"href":"https:\/\/www.elviralindo.com\/blog\/wp-json\/wp\/v2\/media?parent=2663"}],"wp:term":[{"taxonomy":"category","embeddable":true,"href":"https:\/\/www.elviralindo.com\/blog\/wp-json\/wp\/v2\/categories?post=2663"},{"taxonomy":"post_tag","embeddable":true,"href":"https:\/\/www.elviralindo.com\/blog\/wp-json\/wp\/v2\/tags?post=2663"}],"curies":[{"name":"wp","href":"https:\/\/api.w.org\/{rel}","templated":true}]}}