{"id":2507,"date":"2014-04-06T17:58:56","date_gmt":"2014-04-06T16:58:56","guid":{"rendered":"http:\/\/www.elviralindo.com\/blog\/?p=2507"},"modified":"2014-04-14T18:01:17","modified_gmt":"2014-04-14T17:01:17","slug":"los-trabajan","status":"publish","type":"post","link":"https:\/\/www.elviralindo.com\/blog\/don-de-gentes\/los-trabajan\/","title":{"rendered":"Los Que No Trabajan"},"content":{"rendered":"<p><iframe loading=\"lazy\" src=\"\/\/www.youtube.com\/embed\/eNxFxAdmsOY\" frameborder=\"0\" width=\"450\" height=\"253\"><\/iframe><\/p>\n<p>Nos quejamos tanto? Yo creo que no. Se dice que tenemos la boca llena de quejas, que somos criaturas malcriadas, pero yo no escucho tantas como hubiera sido l\u00f3gico en un sector muy castigado. Nos llaman industria cultural, que suena como si cada ma\u00f1ana nos dirigi\u00e9ramos todos a unas f\u00e1bricas situadas en Villaverde, por poner un caso, y de sus chimeneas saliera el humo de las nuevas canciones, novelas, pinturas, performances, pel\u00edculas, obras de teatro. Ya quisi\u00e9ramos. Gozar\u00edamos de m\u00e1s fuerza y mejor imagen. El mundo tendr\u00eda la sensaci\u00f3n de que trabajamos. Podr\u00edamos encadenarnos a la puerta de la f\u00e1brica o hacer una marcha hasta el Congreso como si fu\u00e9ramos sider\u00fargicos. Y el pueblo soberano saldr\u00eda a la calle en contra del IVA brutal, en apoyo a los m\u00fasicos, los poetas, los pintores, incluso en apoyo a esos actores tan denostados. Pero no. Parte de la debilidad de nuestra imagen est\u00e1 en la soledad con la que se suele crear la novelita, la canci\u00f3n, el dibujo o el guion. <a href=\"http:\/\/elpais.com\/m\/elpais\/2014\/04\/04\/opinion\/1396610185_244712.html\">EL ART\u00cdCULO SIGUE AQU\u00cd &gt;&gt;<\/a><\/p>\n","protected":false},"excerpt":{"rendered":"<p>Nos quejamos tanto? Yo creo que no. Se dice que tenemos la boca llena de quejas, que somos criaturas malcriadas, pero yo no escucho tantas como hubiera sido l\u00f3gico en un sector muy castigado. Nos llaman industria cultural, que suena como si cada ma\u00f1ana nos dirigi\u00e9ramos todos a unas f\u00e1bricas situadas en Villaverde, por poner [&hellip;]<\/p>\n","protected":false},"author":2,"featured_media":0,"comment_status":"open","ping_status":"open","sticky":false,"template":"","format":"standard","meta":{"footnotes":""},"categories":[16],"tags":[],"class_list":["post-2507","post","type-post","status-publish","format-standard","hentry","category-don-de-gentes"],"_links":{"self":[{"href":"https:\/\/www.elviralindo.com\/blog\/wp-json\/wp\/v2\/posts\/2507","targetHints":{"allow":["GET"]}}],"collection":[{"href":"https:\/\/www.elviralindo.com\/blog\/wp-json\/wp\/v2\/posts"}],"about":[{"href":"https:\/\/www.elviralindo.com\/blog\/wp-json\/wp\/v2\/types\/post"}],"author":[{"embeddable":true,"href":"https:\/\/www.elviralindo.com\/blog\/wp-json\/wp\/v2\/users\/2"}],"replies":[{"embeddable":true,"href":"https:\/\/www.elviralindo.com\/blog\/wp-json\/wp\/v2\/comments?post=2507"}],"version-history":[{"count":2,"href":"https:\/\/www.elviralindo.com\/blog\/wp-json\/wp\/v2\/posts\/2507\/revisions"}],"predecessor-version":[{"id":2509,"href":"https:\/\/www.elviralindo.com\/blog\/wp-json\/wp\/v2\/posts\/2507\/revisions\/2509"}],"wp:attachment":[{"href":"https:\/\/www.elviralindo.com\/blog\/wp-json\/wp\/v2\/media?parent=2507"}],"wp:term":[{"taxonomy":"category","embeddable":true,"href":"https:\/\/www.elviralindo.com\/blog\/wp-json\/wp\/v2\/categories?post=2507"},{"taxonomy":"post_tag","embeddable":true,"href":"https:\/\/www.elviralindo.com\/blog\/wp-json\/wp\/v2\/tags?post=2507"}],"curies":[{"name":"wp","href":"https:\/\/api.w.org\/{rel}","templated":true}]}}