{"id":2430,"date":"2013-11-19T18:42:23","date_gmt":"2013-11-19T17:42:23","guid":{"rendered":"http:\/\/www.elviralindo.com\/blog\/?p=2430"},"modified":"2013-11-25T18:43:19","modified_gmt":"2013-11-25T17:43:19","slug":"mal-ejemplo","status":"publish","type":"post","link":"https:\/\/www.elviralindo.com\/blog\/articulos-opinion\/mal-ejemplo\/","title":{"rendered":"Mal Ejemplo"},"content":{"rendered":"<p><a href=\"https:\/\/www.elviralindo.com\/blog\/wp-content\/uploads\/2013\/11\/1451568_10152003073081092_491622125_n.jpg\"><img loading=\"lazy\" decoding=\"async\" class=\"alignnone size-medium wp-image-2431\" title=\"1451568_10152003073081092_491622125_n\" src=\"https:\/\/www.elviralindo.com\/blog\/wp-content\/uploads\/2013\/11\/1451568_10152003073081092_491622125_n-460x345.jpg\" alt=\"\" width=\"460\" height=\"345\" srcset=\"https:\/\/www.elviralindo.com\/blog\/wp-content\/uploads\/2013\/11\/1451568_10152003073081092_491622125_n-460x345.jpg 460w, https:\/\/www.elviralindo.com\/blog\/wp-content\/uploads\/2013\/11\/1451568_10152003073081092_491622125_n-122x91.jpg 122w, https:\/\/www.elviralindo.com\/blog\/wp-content\/uploads\/2013\/11\/1451568_10152003073081092_491622125_n.jpg 960w\" sizes=\"auto, (max-width: 460px) 100vw, 460px\" \/><\/a><\/p>\n<p>Estamos ante un sistema perverso que ahoga el potencial de igualaci\u00f3n social de la ense\u00f1anza p\u00fablica, su misma raz\u00f3n de ser. Se reducen las plazas de interinos, no se aumentan las de fijos, sube la ratio de alumnos por aula y los profesores se ven obligados a aumentar sus horas lectivas, convirtiendo la jornada laboral en una carrera atolondrada de una clase a otra, y a menudo, de un universo a otro, dado que hace tiempo que los ni\u00f1os m\u00e1s tiernos comparten el instituto con alumnos de bachillerato. A los profesores no les llega la camisa al cuerpo y sufren ese desgaste sabiendo que ya no hay bajas que valgan, que las jubilaciones se retrasar\u00e1n y que una vez que se apague el ruido de las manifestaciones p\u00fablicas ellos solos habr\u00e1n de enfrentarse a la precariedad diaria. As\u00ed ha sido siempre. <a href=\"http:\/\/elpais.com\/elpais\/2013\/11\/19\/opinion\/1384883956_283676.html\">EL ARTICULO SIGUE AQU\u00cd &gt;&gt;\u00a0<\/a><\/p>\n","protected":false},"excerpt":{"rendered":"<p>Estamos ante un sistema perverso que ahoga el potencial de igualaci\u00f3n social de la ense\u00f1anza p\u00fablica, su misma raz\u00f3n de ser. Se reducen las plazas de interinos, no se aumentan las de fijos, sube la ratio de alumnos por aula y los profesores se ven obligados a aumentar sus horas lectivas, convirtiendo la jornada laboral [&hellip;]<\/p>\n","protected":false},"author":2,"featured_media":0,"comment_status":"open","ping_status":"open","sticky":false,"template":"","format":"standard","meta":{"footnotes":""},"categories":[29],"tags":[],"class_list":["post-2430","post","type-post","status-publish","format-standard","hentry","category-articulos-opinion"],"_links":{"self":[{"href":"https:\/\/www.elviralindo.com\/blog\/wp-json\/wp\/v2\/posts\/2430","targetHints":{"allow":["GET"]}}],"collection":[{"href":"https:\/\/www.elviralindo.com\/blog\/wp-json\/wp\/v2\/posts"}],"about":[{"href":"https:\/\/www.elviralindo.com\/blog\/wp-json\/wp\/v2\/types\/post"}],"author":[{"embeddable":true,"href":"https:\/\/www.elviralindo.com\/blog\/wp-json\/wp\/v2\/users\/2"}],"replies":[{"embeddable":true,"href":"https:\/\/www.elviralindo.com\/blog\/wp-json\/wp\/v2\/comments?post=2430"}],"version-history":[{"count":1,"href":"https:\/\/www.elviralindo.com\/blog\/wp-json\/wp\/v2\/posts\/2430\/revisions"}],"predecessor-version":[{"id":2432,"href":"https:\/\/www.elviralindo.com\/blog\/wp-json\/wp\/v2\/posts\/2430\/revisions\/2432"}],"wp:attachment":[{"href":"https:\/\/www.elviralindo.com\/blog\/wp-json\/wp\/v2\/media?parent=2430"}],"wp:term":[{"taxonomy":"category","embeddable":true,"href":"https:\/\/www.elviralindo.com\/blog\/wp-json\/wp\/v2\/categories?post=2430"},{"taxonomy":"post_tag","embeddable":true,"href":"https:\/\/www.elviralindo.com\/blog\/wp-json\/wp\/v2\/tags?post=2430"}],"curies":[{"name":"wp","href":"https:\/\/api.w.org\/{rel}","templated":true}]}}