{"id":2417,"date":"2013-11-10T11:12:42","date_gmt":"2013-11-10T10:12:42","guid":{"rendered":"http:\/\/www.elviralindo.com\/blog\/?p=2417"},"modified":"2013-11-10T11:12:42","modified_gmt":"2013-11-10T10:12:42","slug":"viviendo-en-casa-ajena","status":"publish","type":"post","link":"https:\/\/www.elviralindo.com\/blog\/don-de-gentes\/viviendo-en-casa-ajena\/","title":{"rendered":"Viviendo en Casa Ajena"},"content":{"rendered":"<p><a href=\"https:\/\/www.elviralindo.com\/blog\/wp-content\/uploads\/2013\/11\/b_pio_baroja_efespfive495922-435217.jpg_1306973099.jpg\"><img loading=\"lazy\" decoding=\"async\" class=\"alignnone size-medium wp-image-2418\" title=\"b_pio_baroja_efespfive495922-435217.jpg_1306973099\" src=\"https:\/\/www.elviralindo.com\/blog\/wp-content\/uploads\/2013\/11\/b_pio_baroja_efespfive495922-435217.jpg_1306973099-460x254.jpg\" alt=\"\" width=\"460\" height=\"254\" srcset=\"https:\/\/www.elviralindo.com\/blog\/wp-content\/uploads\/2013\/11\/b_pio_baroja_efespfive495922-435217.jpg_1306973099-460x254.jpg 460w, https:\/\/www.elviralindo.com\/blog\/wp-content\/uploads\/2013\/11\/b_pio_baroja_efespfive495922-435217.jpg_1306973099-122x67.jpg 122w, https:\/\/www.elviralindo.com\/blog\/wp-content\/uploads\/2013\/11\/b_pio_baroja_efespfive495922-435217.jpg_1306973099.jpg 660w\" sizes=\"auto, (max-width: 460px) 100vw, 460px\" \/><\/a><\/p>\n<p>Lo que es la vida. Jam\u00e1s imagin\u00e9 que me iba a pasar tanto tiempo viviendo en un piso de la calle de Ruiz de Alarc\u00f3n de Madrid. Desde hace meses que no salgo de ese domicilio; para ser m\u00e1s exacta, de la vida de los miembros ya desaparecidos de una familia que lo dej\u00f3 casi todo por escrito. Los Baroja. Para los que no son de Madrid aclaro que dicha calle est\u00e1 frente al Retiro, en ese entramado de avenidas de pretensi\u00f3n parisiense en las que uno imagina cuando mira hacia arriba un universo de pisazos y casoplones en los que se dir\u00eda que habitan m\u00e1s fantasmas que seres vivos. Dado que en ese barrio se ubican la Real Academia, los Jer\u00f3nimos, el Prado y el Cas\u00f3n del Buen Retiro, a una le entra como una especie de solemnidad alarmada cuando pisa sus aceras porque teme encontrarse al doblar la esquina con un cura, un acad\u00e9mico o un muerto ilustre. O las tres cosas a la vez. <a href=\" http:\/\/bit.ly\/PioBaroja\">EL ARTICULO SIGUE AQUI &gt;&gt;<\/a><\/p>\n","protected":false},"excerpt":{"rendered":"<p>Lo que es la vida. Jam\u00e1s imagin\u00e9 que me iba a pasar tanto tiempo viviendo en un piso de la calle de Ruiz de Alarc\u00f3n de Madrid. Desde hace meses que no salgo de ese domicilio; para ser m\u00e1s exacta, de la vida de los miembros ya desaparecidos de una familia que lo dej\u00f3 casi [&hellip;]<\/p>\n","protected":false},"author":2,"featured_media":0,"comment_status":"open","ping_status":"open","sticky":false,"template":"","format":"standard","meta":{"footnotes":""},"categories":[16],"tags":[],"class_list":["post-2417","post","type-post","status-publish","format-standard","hentry","category-don-de-gentes"],"_links":{"self":[{"href":"https:\/\/www.elviralindo.com\/blog\/wp-json\/wp\/v2\/posts\/2417","targetHints":{"allow":["GET"]}}],"collection":[{"href":"https:\/\/www.elviralindo.com\/blog\/wp-json\/wp\/v2\/posts"}],"about":[{"href":"https:\/\/www.elviralindo.com\/blog\/wp-json\/wp\/v2\/types\/post"}],"author":[{"embeddable":true,"href":"https:\/\/www.elviralindo.com\/blog\/wp-json\/wp\/v2\/users\/2"}],"replies":[{"embeddable":true,"href":"https:\/\/www.elviralindo.com\/blog\/wp-json\/wp\/v2\/comments?post=2417"}],"version-history":[{"count":1,"href":"https:\/\/www.elviralindo.com\/blog\/wp-json\/wp\/v2\/posts\/2417\/revisions"}],"predecessor-version":[{"id":2419,"href":"https:\/\/www.elviralindo.com\/blog\/wp-json\/wp\/v2\/posts\/2417\/revisions\/2419"}],"wp:attachment":[{"href":"https:\/\/www.elviralindo.com\/blog\/wp-json\/wp\/v2\/media?parent=2417"}],"wp:term":[{"taxonomy":"category","embeddable":true,"href":"https:\/\/www.elviralindo.com\/blog\/wp-json\/wp\/v2\/categories?post=2417"},{"taxonomy":"post_tag","embeddable":true,"href":"https:\/\/www.elviralindo.com\/blog\/wp-json\/wp\/v2\/tags?post=2417"}],"curies":[{"name":"wp","href":"https:\/\/api.w.org\/{rel}","templated":true}]}}