{"id":2388,"date":"2013-10-14T20:34:03","date_gmt":"2013-10-14T19:34:03","guid":{"rendered":"http:\/\/www.elviralindo.com\/blog\/?p=2388"},"modified":"2013-10-16T20:35:10","modified_gmt":"2013-10-16T19:35:10","slug":"defensa-de-madrid","status":"publish","type":"post","link":"https:\/\/www.elviralindo.com\/blog\/don-de-gentes\/defensa-de-madrid\/","title":{"rendered":"Defensa de Madrid"},"content":{"rendered":"<p><a href=\"https:\/\/www.elviralindo.com\/blog\/wp-content\/uploads\/2013\/10\/1376563_10151905241671092_1078099111_n.jpg\"><img loading=\"lazy\" decoding=\"async\" class=\"alignnone size-medium wp-image-2389\" title=\"1376563_10151905241671092_1078099111_n\" src=\"https:\/\/www.elviralindo.com\/blog\/wp-content\/uploads\/2013\/10\/1376563_10151905241671092_1078099111_n-460x249.jpg\" alt=\"\" width=\"460\" height=\"249\" srcset=\"https:\/\/www.elviralindo.com\/blog\/wp-content\/uploads\/2013\/10\/1376563_10151905241671092_1078099111_n-460x249.jpg 460w, https:\/\/www.elviralindo.com\/blog\/wp-content\/uploads\/2013\/10\/1376563_10151905241671092_1078099111_n-122x66.jpg 122w, https:\/\/www.elviralindo.com\/blog\/wp-content\/uploads\/2013\/10\/1376563_10151905241671092_1078099111_n.jpg 960w\" sizes=\"auto, (max-width: 460px) 100vw, 460px\" \/><\/a><\/p>\n<p>A Madrid le falta un relato\u201d. Es una frase que le\u00ed el otro d\u00eda en un art\u00edculo que trataba de ladecadencia de Madrid. De no ser porque es una expresi\u00f3n que escuchamos a diario en boca de pol\u00edticos y analistas hubiera pensado que a los autores del texto les faltaban lecturas, porque de Mesonero Romanos en adelante si algo tiene esta ciudad son relatores: Camba, Chaves Nogales, G\u00f3mez de la Serna, P\u00e9rez Gald\u00f3s, Benet, Alfonso, Antonio L\u00f3pez, Arturo Barea, Caro Baroja, Garc\u00eda Hortelano, Chacel, Mart\u00edn Santos, Valle-Incl\u00e1n, Josep Pla, Arniches, Manuel Longares, Francisco Umbral, etc\u00e9tera. <a href=\"http:\/\/elpais.com\/m\/elpais\/2013\/10\/11\/opinion\/1381491312_996890.html\">EL ART\u00cdCULO SIGUE AQU\u00cd\u00a0<\/a><\/p>\n","protected":false},"excerpt":{"rendered":"<p>A Madrid le falta un relato\u201d. Es una frase que le\u00ed el otro d\u00eda en un art\u00edculo que trataba de ladecadencia de Madrid. De no ser porque es una expresi\u00f3n que escuchamos a diario en boca de pol\u00edticos y analistas hubiera pensado que a los autores del texto les faltaban lecturas, porque de Mesonero Romanos [&hellip;]<\/p>\n","protected":false},"author":2,"featured_media":0,"comment_status":"open","ping_status":"open","sticky":false,"template":"","format":"standard","meta":{"footnotes":""},"categories":[16],"tags":[],"class_list":["post-2388","post","type-post","status-publish","format-standard","hentry","category-don-de-gentes"],"_links":{"self":[{"href":"https:\/\/www.elviralindo.com\/blog\/wp-json\/wp\/v2\/posts\/2388","targetHints":{"allow":["GET"]}}],"collection":[{"href":"https:\/\/www.elviralindo.com\/blog\/wp-json\/wp\/v2\/posts"}],"about":[{"href":"https:\/\/www.elviralindo.com\/blog\/wp-json\/wp\/v2\/types\/post"}],"author":[{"embeddable":true,"href":"https:\/\/www.elviralindo.com\/blog\/wp-json\/wp\/v2\/users\/2"}],"replies":[{"embeddable":true,"href":"https:\/\/www.elviralindo.com\/blog\/wp-json\/wp\/v2\/comments?post=2388"}],"version-history":[{"count":1,"href":"https:\/\/www.elviralindo.com\/blog\/wp-json\/wp\/v2\/posts\/2388\/revisions"}],"predecessor-version":[{"id":2390,"href":"https:\/\/www.elviralindo.com\/blog\/wp-json\/wp\/v2\/posts\/2388\/revisions\/2390"}],"wp:attachment":[{"href":"https:\/\/www.elviralindo.com\/blog\/wp-json\/wp\/v2\/media?parent=2388"}],"wp:term":[{"taxonomy":"category","embeddable":true,"href":"https:\/\/www.elviralindo.com\/blog\/wp-json\/wp\/v2\/categories?post=2388"},{"taxonomy":"post_tag","embeddable":true,"href":"https:\/\/www.elviralindo.com\/blog\/wp-json\/wp\/v2\/tags?post=2388"}],"curies":[{"name":"wp","href":"https:\/\/api.w.org\/{rel}","templated":true}]}}