{"id":2239,"date":"2013-05-01T03:01:21","date_gmt":"2013-05-01T02:01:21","guid":{"rendered":"http:\/\/www.elviralindo.com\/blog\/?p=2239"},"modified":"2013-05-01T03:01:21","modified_gmt":"2013-05-01T02:01:21","slug":"el-olvido","status":"publish","type":"post","link":"https:\/\/www.elviralindo.com\/blog\/articulos-opinion\/el-olvido\/","title":{"rendered":"El Olvido"},"content":{"rendered":"<p><object width=\"450\" height=\"253\" classid=\"clsid:d27cdb6e-ae6d-11cf-96b8-444553540000\" codebase=\"http:\/\/download.macromedia.com\/pub\/shockwave\/cabs\/flash\/swflash.cab#version=6,0,40,0\"><param name=\"allowFullScreen\" value=\"true\" \/><param name=\"allowscriptaccess\" value=\"always\" \/><param name=\"src\" value=\"http:\/\/www.youtube.com\/v\/zIqYop5KM2A?version=3&amp;hl=en_GB&amp;rel=0\" \/><param name=\"allowfullscreen\" value=\"true\" \/><embed width=\"450\" height=\"253\" type=\"application\/x-shockwave-flash\" src=\"http:\/\/www.youtube.com\/v\/zIqYop5KM2A?version=3&amp;hl=en_GB&amp;rel=0\" allowFullScreen=\"true\" allowscriptaccess=\"always\" allowfullscreen=\"true\" \/><\/object><\/p>\n<p>Crece la indignaci\u00f3n desde que el programa Salvados recuperara del olvido el vergonzosamente archivado accidente del metro de Valencia en 2006: 43 v\u00edctimas mortales, un n\u00famero similar de heridos y una clase pol\u00edtica que sin escr\u00fapulos forz\u00f3 que la investigaci\u00f3n se cerrara en falso para que esa comunidad que presum\u00eda de ser un ejemplo de bonanza para Europa estuviera libre de toda sombra. Crece la indignaci\u00f3n y me sumo. C\u00f3mo no sumarse: yo tambi\u00e9n sent\u00ed, como cualquiera que vio el programa, ese calor interior que produce la rabia. <a href=\"http:\/\/bit.ly\/ElOlvido\">EL ARTICULO SIGUE AQUI &gt;&gt;\u00a0<\/a><\/p>\n","protected":false},"excerpt":{"rendered":"<p>Crece la indignaci\u00f3n desde que el programa Salvados recuperara del olvido el vergonzosamente archivado accidente del metro de Valencia en 2006: 43 v\u00edctimas mortales, un n\u00famero similar de heridos y una clase pol\u00edtica que sin escr\u00fapulos forz\u00f3 que la investigaci\u00f3n se cerrara en falso para que esa comunidad que presum\u00eda de ser un ejemplo de [&hellip;]<\/p>\n","protected":false},"author":2,"featured_media":0,"comment_status":"open","ping_status":"open","sticky":false,"template":"","format":"standard","meta":{"footnotes":""},"categories":[29],"tags":[],"class_list":["post-2239","post","type-post","status-publish","format-standard","hentry","category-articulos-opinion"],"_links":{"self":[{"href":"https:\/\/www.elviralindo.com\/blog\/wp-json\/wp\/v2\/posts\/2239","targetHints":{"allow":["GET"]}}],"collection":[{"href":"https:\/\/www.elviralindo.com\/blog\/wp-json\/wp\/v2\/posts"}],"about":[{"href":"https:\/\/www.elviralindo.com\/blog\/wp-json\/wp\/v2\/types\/post"}],"author":[{"embeddable":true,"href":"https:\/\/www.elviralindo.com\/blog\/wp-json\/wp\/v2\/users\/2"}],"replies":[{"embeddable":true,"href":"https:\/\/www.elviralindo.com\/blog\/wp-json\/wp\/v2\/comments?post=2239"}],"version-history":[{"count":1,"href":"https:\/\/www.elviralindo.com\/blog\/wp-json\/wp\/v2\/posts\/2239\/revisions"}],"predecessor-version":[{"id":2240,"href":"https:\/\/www.elviralindo.com\/blog\/wp-json\/wp\/v2\/posts\/2239\/revisions\/2240"}],"wp:attachment":[{"href":"https:\/\/www.elviralindo.com\/blog\/wp-json\/wp\/v2\/media?parent=2239"}],"wp:term":[{"taxonomy":"category","embeddable":true,"href":"https:\/\/www.elviralindo.com\/blog\/wp-json\/wp\/v2\/categories?post=2239"},{"taxonomy":"post_tag","embeddable":true,"href":"https:\/\/www.elviralindo.com\/blog\/wp-json\/wp\/v2\/tags?post=2239"}],"curies":[{"name":"wp","href":"https:\/\/api.w.org\/{rel}","templated":true}]}}