{"id":2131,"date":"2013-01-27T06:51:12","date_gmt":"2013-01-27T05:51:12","guid":{"rendered":"http:\/\/www.elviralindo.com\/blog\/?p=2131"},"modified":"2013-01-30T06:54:03","modified_gmt":"2013-01-30T05:54:03","slug":"adonde-el-dinero-va","status":"publish","type":"post","link":"https:\/\/www.elviralindo.com\/blog\/don-de-gentes\/adonde-el-dinero-va\/","title":{"rendered":"Adonde el dinero va"},"content":{"rendered":"<p><a href=\"https:\/\/www.elviralindo.com\/blog\/wp-content\/uploads\/2013\/01\/1359113225_352560_1359144584_noticia_normal-1.jpg\"><img loading=\"lazy\" decoding=\"async\" title=\"1359113225_352560_1359144584_noticia_normal (1)\" src=\"https:\/\/www.elviralindo.com\/blog\/wp-content\/uploads\/2013\/01\/1359113225_352560_1359144584_noticia_normal-1-460x306.jpg\" alt=\"\" width=\"460\" height=\"306\" \/><\/a><\/p>\n<p>Hace muchos a\u00f1os, \u00bfveinticinco?, cuando un grupo de j\u00f3venes, escandalosos, alegres e izquierdosos periodistas comenzamos nuestra carrera laboral en una de aquellas emisoras del Movimiento (Nacional, se entiende) asumimos de inmediato que goz\u00e1bamos del derecho a hacer uso de las instalaciones y el material que se nos proporcionaba tal cual nos viniera en gana. Tengo que decir que la direcci\u00f3n se acoplaba a nuestra juvenil manera de entender los bienes p\u00fablicos y dejaba \u00a1en nuestras manos! el dinero correspondiente a las comidas y gastos de producci\u00f3n. Fueron buenos tiempos para la l\u00edrica, al contrario de lo que dec\u00eda la canci\u00f3n, porque com\u00edamos men\u00fa con postre y carajillo en los modestos restaurantes de la calle de Huertas, prolong\u00e1bamos las sobremesas, sub\u00edamos luego a la redacci\u00f3n por si nos quedaba alguna llamada para el programa del d\u00eda siguiente, y de paso hac\u00edamos una llamadilla a la familia y a algunos amigos que estaban lejos. Entonces se ten\u00eda muy en cuenta el coste de las conferencias. Al marcharnos a casa nos llev\u00e1bamos unos cuantos folios o lo que encartara de material \u201cprofesional\u201d. Lejos de m\u00ed la intenci\u00f3n de afirmar que \u00e9ramos una panda de aprovechados, porque est\u00e1bamos convencidos de que el Estado era un ente sin fondo al que no solo pod\u00edamos esquilmar sino que deb\u00edamos hacerlo, como parte de nuestro proverbial desprecio al sistema. Recuerdo que un d\u00eda, un compa\u00f1ero que ten\u00eda por costumbre tocarnos las pelotas tuvo la osad\u00eda de criticar ese comportamiento que de tan general que era no consider\u00e1bamos recriminable. Dividi\u00f3 el mundo en chorizos y choricillos,y a nosotros, a esa redacci\u00f3n en la que conviv\u00edamos viejos funcionarios y colaboradores airados, nos meti\u00f3 en el segundo saco. Qu\u00e9 indignaci\u00f3n provoc\u00f3. Ahora la definir\u00eda como una indignaci\u00f3n escolar, entonces me parec\u00eda indignaci\u00f3n ideol\u00f3gica, fundamentada en algo que no hubiera sido capaz de sostener m\u00e1s all\u00e1 de cuatro frases copiadas de otro. Por fortuna, siempre hab\u00eda un experto en adaptar nuestra modesta rapacer\u00eda a un ideario noble.<\/p>\n<p><a href=\"http:\/\/elpais.com\/elpais\/2013\/01\/25\/opinion\/1359113225_352560.html\">EL ARTICULO SIGUE AQUI&gt;&gt;<\/a><\/p>\n","protected":false},"excerpt":{"rendered":"<p>Hace muchos a\u00f1os, \u00bfveinticinco?, cuando un grupo de j\u00f3venes, escandalosos, alegres e izquierdosos periodistas comenzamos nuestra carrera laboral en una de aquellas emisoras del Movimiento (Nacional, se entiende) asumimos de inmediato que goz\u00e1bamos del derecho a hacer uso de las instalaciones y el material que se nos proporcionaba tal cual nos viniera en gana. Tengo [&hellip;]<\/p>\n","protected":false},"author":2,"featured_media":0,"comment_status":"open","ping_status":"open","sticky":false,"template":"","format":"standard","meta":{"footnotes":""},"categories":[16],"tags":[],"class_list":["post-2131","post","type-post","status-publish","format-standard","hentry","category-don-de-gentes"],"_links":{"self":[{"href":"https:\/\/www.elviralindo.com\/blog\/wp-json\/wp\/v2\/posts\/2131","targetHints":{"allow":["GET"]}}],"collection":[{"href":"https:\/\/www.elviralindo.com\/blog\/wp-json\/wp\/v2\/posts"}],"about":[{"href":"https:\/\/www.elviralindo.com\/blog\/wp-json\/wp\/v2\/types\/post"}],"author":[{"embeddable":true,"href":"https:\/\/www.elviralindo.com\/blog\/wp-json\/wp\/v2\/users\/2"}],"replies":[{"embeddable":true,"href":"https:\/\/www.elviralindo.com\/blog\/wp-json\/wp\/v2\/comments?post=2131"}],"version-history":[{"count":2,"href":"https:\/\/www.elviralindo.com\/blog\/wp-json\/wp\/v2\/posts\/2131\/revisions"}],"predecessor-version":[{"id":2134,"href":"https:\/\/www.elviralindo.com\/blog\/wp-json\/wp\/v2\/posts\/2131\/revisions\/2134"}],"wp:attachment":[{"href":"https:\/\/www.elviralindo.com\/blog\/wp-json\/wp\/v2\/media?parent=2131"}],"wp:term":[{"taxonomy":"category","embeddable":true,"href":"https:\/\/www.elviralindo.com\/blog\/wp-json\/wp\/v2\/categories?post=2131"},{"taxonomy":"post_tag","embeddable":true,"href":"https:\/\/www.elviralindo.com\/blog\/wp-json\/wp\/v2\/tags?post=2131"}],"curies":[{"name":"wp","href":"https:\/\/api.w.org\/{rel}","templated":true}]}}