{"id":1933,"date":"2012-09-16T06:17:13","date_gmt":"2012-09-16T05:17:13","guid":{"rendered":"http:\/\/www.elviralindo.com\/blog\/?p=1933"},"modified":"2012-09-16T06:17:13","modified_gmt":"2012-09-16T05:17:13","slug":"%c2%a1volvere-la-escuela","status":"publish","type":"post","link":"https:\/\/www.elviralindo.com\/blog\/don-de-gentes\/%c2%a1volvere-la-escuela\/","title":{"rendered":"\u00a1Volver\u00e9 a la escuela!"},"content":{"rendered":"<p><a href=\"https:\/\/www.elviralindo.com\/blog\/wp-content\/uploads\/2012\/09\/Anna-frank_1263910110.jpeg\"><img loading=\"lazy\" decoding=\"async\" class=\"alignnone size-medium wp-image-1934\" title=\"Anna-frank_1263910110\" src=\"https:\/\/www.elviralindo.com\/blog\/wp-content\/uploads\/2012\/09\/Anna-frank_1263910110-460x343.jpg\" alt=\"\" width=\"460\" height=\"343\" srcset=\"https:\/\/www.elviralindo.com\/blog\/wp-content\/uploads\/2012\/09\/Anna-frank_1263910110-460x343.jpg 460w, https:\/\/www.elviralindo.com\/blog\/wp-content\/uploads\/2012\/09\/Anna-frank_1263910110-122x91.jpg 122w, https:\/\/www.elviralindo.com\/blog\/wp-content\/uploads\/2012\/09\/Anna-frank_1263910110.jpeg 512w\" sizes=\"auto, (max-width: 460px) 100vw, 460px\" \/><\/a><\/p>\n<p>Querer entrar y no atreverme. Esos eran los sentimientos encontrados que ten\u00eda cuando, de paseo por el Prinsengracht de \u00c1msterdam, contemplaba la cola de turistas que se organiza a diario a las puertas del edificio donde Anna Frank y su familia se escondieron durante dos a\u00f1os. Querer entrar, pero temer que la exposici\u00f3n del sufrimiento fuera banal, que la puesta en escena frivolizara sobre una historia tan bien contada. Porque este deseo contenido ten\u00eda lugar en los mismos d\u00edas en que le\u00eda Anna Frank. El diario de una joven, uno de esos libros que todos creemos haber le\u00eddo en la juventud, pero del que a menudo solo tenemos noci\u00f3n de algunas p\u00e1ginas. Lecturas para las que ahora me doy cuenta de que no estaba humanamente preparada y que exigen una relectura que las sit\u00fae en el lugar que merecen. Como lectora adolescente establec\u00ed una simpat\u00eda inmediata con la joven diarista que contaba su versi\u00f3n de una experiencia solo apta para adultos; la lectora madura que soy entiende la magnitud de la tragedia y eso multiplica el valor de lo que lee.<\/p>\n<p><a href=\"http:\/\/bit.ly\/VolvereEscuela\" target=\"_blank\">EL ARTICULO SIGUE AQUI &gt;&gt; <\/a><\/p>\n","protected":false},"excerpt":{"rendered":"<p>Querer entrar y no atreverme. Esos eran los sentimientos encontrados que ten\u00eda cuando, de paseo por el Prinsengracht de \u00c1msterdam, contemplaba la cola de turistas que se organiza a diario a las puertas del edificio donde Anna Frank y su familia se escondieron durante dos a\u00f1os. Querer entrar, pero temer que la exposici\u00f3n del sufrimiento [&hellip;]<\/p>\n","protected":false},"author":2,"featured_media":0,"comment_status":"open","ping_status":"open","sticky":false,"template":"","format":"standard","meta":{"footnotes":""},"categories":[16],"tags":[],"class_list":["post-1933","post","type-post","status-publish","format-standard","hentry","category-don-de-gentes"],"_links":{"self":[{"href":"https:\/\/www.elviralindo.com\/blog\/wp-json\/wp\/v2\/posts\/1933","targetHints":{"allow":["GET"]}}],"collection":[{"href":"https:\/\/www.elviralindo.com\/blog\/wp-json\/wp\/v2\/posts"}],"about":[{"href":"https:\/\/www.elviralindo.com\/blog\/wp-json\/wp\/v2\/types\/post"}],"author":[{"embeddable":true,"href":"https:\/\/www.elviralindo.com\/blog\/wp-json\/wp\/v2\/users\/2"}],"replies":[{"embeddable":true,"href":"https:\/\/www.elviralindo.com\/blog\/wp-json\/wp\/v2\/comments?post=1933"}],"version-history":[{"count":1,"href":"https:\/\/www.elviralindo.com\/blog\/wp-json\/wp\/v2\/posts\/1933\/revisions"}],"predecessor-version":[{"id":1935,"href":"https:\/\/www.elviralindo.com\/blog\/wp-json\/wp\/v2\/posts\/1933\/revisions\/1935"}],"wp:attachment":[{"href":"https:\/\/www.elviralindo.com\/blog\/wp-json\/wp\/v2\/media?parent=1933"}],"wp:term":[{"taxonomy":"category","embeddable":true,"href":"https:\/\/www.elviralindo.com\/blog\/wp-json\/wp\/v2\/categories?post=1933"},{"taxonomy":"post_tag","embeddable":true,"href":"https:\/\/www.elviralindo.com\/blog\/wp-json\/wp\/v2\/tags?post=1933"}],"curies":[{"name":"wp","href":"https:\/\/api.w.org\/{rel}","templated":true}]}}