{"id":1593,"date":"2011-11-27T14:49:46","date_gmt":"2011-11-27T13:49:46","guid":{"rendered":"http:\/\/www.elviralindo.com\/blog\/?p=1593"},"modified":"2011-11-27T14:49:46","modified_gmt":"2011-11-27T13:49:46","slug":"con-la-esta-cayendo","status":"publish","type":"post","link":"https:\/\/www.elviralindo.com\/blog\/don-de-gentes\/con-la-esta-cayendo\/","title":{"rendered":"Con La Que Est\u00e1 Cayendo"},"content":{"rendered":"<p><object classid=\"clsid:d27cdb6e-ae6d-11cf-96b8-444553540000\" width=\"450\" height=\"229\" codebase=\"http:\/\/download.macromedia.com\/pub\/shockwave\/cabs\/flash\/swflash.cab#version=6,0,40,0\"><param name=\"allowFullScreen\" value=\"true\" \/><param name=\"allowscriptaccess\" value=\"always\" \/><param name=\"src\" value=\"http:\/\/www.youtube.com\/v\/tyBTrVNxvfk?version=3&amp;hl=en_US\" \/><param name=\"allowfullscreen\" value=\"true\" \/><embed type=\"application\/x-shockwave-flash\" width=\"450\" height=\"229\" src=\"http:\/\/www.youtube.com\/v\/tyBTrVNxvfk?version=3&amp;hl=en_US\" allowscriptaccess=\"always\" allowfullscreen=\"true\"><\/embed><\/object><\/p>\n<p>La alegr\u00eda va a acabar siendo un sentimiento subversivo. La crisis del 29 despert\u00f3 las conciencias sociales pero tambi\u00e9n inspir\u00f3 un arte cinematogr\u00e1fico, teatral, musical que trataba de iluminar unas vidas que de haberse limitado s\u00f3lo a la realidad no hubieran pasado del gris. Al poeta sueco Tomas Transtr\u00f6mer, premio Nobel de Literatura de 2011, sus compatriotas practicantes de la poes\u00eda comprometida, tendencia dominante en los setenta en su pa\u00eds, le acusaban de crear versos escapistas, ya se sabe, paisajes invernales, misterios de la vida cotidiana, recovecos de su mundo interior, de los sue\u00f1os o la m\u00fasica. Antes de continuar, juro ante Dios y ante mis lectores que no tengo nada en contra de la poes\u00eda o de la novela social, tampoco de los cantautores, del teatro y del cine comprometidos o de las performances de Marina Abramovich que denuncian la soledad del ser humano, la incomunicaci\u00f3n, la alienaci\u00f3n del individuo, el sexismo, el racismo, vamos, que no se dejan un atisbo de injusticia sin denunciar.<\/p>\n<p><a href=\"http:\/\/bit.ly\/ELCayendo\">EL ARTICULO SIGUE AQUI &gt;&gt; <\/a><\/p>\n","protected":false},"excerpt":{"rendered":"<p>La alegr\u00eda va a acabar siendo un sentimiento subversivo. La crisis del 29 despert\u00f3 las conciencias sociales pero tambi\u00e9n inspir\u00f3 un arte cinematogr\u00e1fico, teatral, musical que trataba de iluminar unas vidas que de haberse limitado s\u00f3lo a la realidad no hubieran pasado del gris. Al poeta sueco Tomas Transtr\u00f6mer, premio Nobel de Literatura de 2011, [&hellip;]<\/p>\n","protected":false},"author":2,"featured_media":0,"comment_status":"open","ping_status":"open","sticky":false,"template":"","format":"standard","meta":{"footnotes":""},"categories":[16],"tags":[],"class_list":["post-1593","post","type-post","status-publish","format-standard","hentry","category-don-de-gentes"],"_links":{"self":[{"href":"https:\/\/www.elviralindo.com\/blog\/wp-json\/wp\/v2\/posts\/1593","targetHints":{"allow":["GET"]}}],"collection":[{"href":"https:\/\/www.elviralindo.com\/blog\/wp-json\/wp\/v2\/posts"}],"about":[{"href":"https:\/\/www.elviralindo.com\/blog\/wp-json\/wp\/v2\/types\/post"}],"author":[{"embeddable":true,"href":"https:\/\/www.elviralindo.com\/blog\/wp-json\/wp\/v2\/users\/2"}],"replies":[{"embeddable":true,"href":"https:\/\/www.elviralindo.com\/blog\/wp-json\/wp\/v2\/comments?post=1593"}],"version-history":[{"count":1,"href":"https:\/\/www.elviralindo.com\/blog\/wp-json\/wp\/v2\/posts\/1593\/revisions"}],"predecessor-version":[{"id":1594,"href":"https:\/\/www.elviralindo.com\/blog\/wp-json\/wp\/v2\/posts\/1593\/revisions\/1594"}],"wp:attachment":[{"href":"https:\/\/www.elviralindo.com\/blog\/wp-json\/wp\/v2\/media?parent=1593"}],"wp:term":[{"taxonomy":"category","embeddable":true,"href":"https:\/\/www.elviralindo.com\/blog\/wp-json\/wp\/v2\/categories?post=1593"},{"taxonomy":"post_tag","embeddable":true,"href":"https:\/\/www.elviralindo.com\/blog\/wp-json\/wp\/v2\/tags?post=1593"}],"curies":[{"name":"wp","href":"https:\/\/api.w.org\/{rel}","templated":true}]}}