{"id":1465,"date":"2011-09-11T17:36:11","date_gmt":"2011-09-11T16:36:11","guid":{"rendered":"http:\/\/www.elviralindo.com\/blog\/?p=1465"},"modified":"2011-09-11T17:36:11","modified_gmt":"2011-09-11T16:36:11","slug":"razones-para-matar","status":"publish","type":"post","link":"https:\/\/www.elviralindo.com\/blog\/don-de-gentes\/razones-para-matar\/","title":{"rendered":"Razones Para Matar"},"content":{"rendered":"<p><object classid=\"clsid:d27cdb6e-ae6d-11cf-96b8-444553540000\" width=\"450\" height=\"367\" codebase=\"http:\/\/download.macromedia.com\/pub\/shockwave\/cabs\/flash\/swflash.cab#version=6,0,40,0\"><param name=\"allowFullScreen\" value=\"true\" \/><param name=\"allowscriptaccess\" value=\"always\" \/><param name=\"src\" value=\"http:\/\/www.youtube.com\/v\/5Tl__04Xoi0?version=3&amp;hl=en_US\" \/><param name=\"allowfullscreen\" value=\"true\" \/><embed type=\"application\/x-shockwave-flash\" width=\"450\" height=\"367\" src=\"http:\/\/www.youtube.com\/v\/5Tl__04Xoi0?version=3&amp;hl=en_US\" allowscriptaccess=\"always\" allowfullscreen=\"true\"><\/embed><\/object><\/p>\n<p>Para m\u00ed, el 11 de septiembre ocurri\u00f3 en octubre, porque tengo que confesar que a mi mente le cost\u00f3 interpretar lo que mis ojos vieron aquella primera ma\u00f1ana o todas las siguientes de aquel mes, cuando baj\u00e1bamos hasta la calle Houston, donde la polic\u00eda instal\u00f3 la primera barrera para impedir la entrada a todo aquel que no anduviera en labores de rescate. Como el peri\u00f3dico no espera, ni esperan en las tertulias radiof\u00f3nicas, me vi de inmediato escribiendo cr\u00f3nicas o interviniendo en la radio. Aquel mes que hab\u00edamos planeado como unas vacaciones familiares se convirti\u00f3 en un periodo de intenso trabajo. No me hago responsable ahora de lo que opin\u00e9 entonces y no porque lo hiciera fr\u00edvolamente sino porque no entend\u00eda nada, aquello era demasiado grande para m\u00ed. Tal vez para todos, pero siempre me da la impresi\u00f3n, cuando leo columnas o escucho a contertulios, que los dem\u00e1s tienen o fingen una seguridad que a m\u00ed me falta.<\/p>\n<p><a href=\"http:\/\/bit.ly\/ELRazones\">EL ARTICULO SIGUE AQUI &gt;&gt;<\/a><\/p>\n","protected":false},"excerpt":{"rendered":"<p>Para m\u00ed, el 11 de septiembre ocurri\u00f3 en octubre, porque tengo que confesar que a mi mente le cost\u00f3 interpretar lo que mis ojos vieron aquella primera ma\u00f1ana o todas las siguientes de aquel mes, cuando baj\u00e1bamos hasta la calle Houston, donde la polic\u00eda instal\u00f3 la primera barrera para impedir la entrada a todo aquel [&hellip;]<\/p>\n","protected":false},"author":2,"featured_media":0,"comment_status":"open","ping_status":"open","sticky":false,"template":"","format":"standard","meta":{"footnotes":""},"categories":[34,16],"tags":[],"class_list":["post-1465","post","type-post","status-publish","format-standard","hentry","category-articulos-new-york","category-don-de-gentes"],"_links":{"self":[{"href":"https:\/\/www.elviralindo.com\/blog\/wp-json\/wp\/v2\/posts\/1465","targetHints":{"allow":["GET"]}}],"collection":[{"href":"https:\/\/www.elviralindo.com\/blog\/wp-json\/wp\/v2\/posts"}],"about":[{"href":"https:\/\/www.elviralindo.com\/blog\/wp-json\/wp\/v2\/types\/post"}],"author":[{"embeddable":true,"href":"https:\/\/www.elviralindo.com\/blog\/wp-json\/wp\/v2\/users\/2"}],"replies":[{"embeddable":true,"href":"https:\/\/www.elviralindo.com\/blog\/wp-json\/wp\/v2\/comments?post=1465"}],"version-history":[{"count":2,"href":"https:\/\/www.elviralindo.com\/blog\/wp-json\/wp\/v2\/posts\/1465\/revisions"}],"predecessor-version":[{"id":1467,"href":"https:\/\/www.elviralindo.com\/blog\/wp-json\/wp\/v2\/posts\/1465\/revisions\/1467"}],"wp:attachment":[{"href":"https:\/\/www.elviralindo.com\/blog\/wp-json\/wp\/v2\/media?parent=1465"}],"wp:term":[{"taxonomy":"category","embeddable":true,"href":"https:\/\/www.elviralindo.com\/blog\/wp-json\/wp\/v2\/categories?post=1465"},{"taxonomy":"post_tag","embeddable":true,"href":"https:\/\/www.elviralindo.com\/blog\/wp-json\/wp\/v2\/tags?post=1465"}],"curies":[{"name":"wp","href":"https:\/\/api.w.org\/{rel}","templated":true}]}}