{"id":1459,"date":"2011-09-04T03:02:25","date_gmt":"2011-09-04T02:02:25","guid":{"rendered":"http:\/\/www.elviralindo.com\/blog\/?p=1459"},"modified":"2011-09-04T03:02:25","modified_gmt":"2011-09-04T02:02:25","slug":"por-si-sirve-de-algo","status":"publish","type":"post","link":"https:\/\/www.elviralindo.com\/blog\/don-de-gentes\/por-si-sirve-de-algo\/","title":{"rendered":"Por Si Sirve De Algo"},"content":{"rendered":"<p>Se sabe que, en verano, ese campo de donde brotan las noticias es un erial. Eso es lo que creemos en estos pa\u00edses mediterr\u00e1neos en los que, en cuanto llega julio, desplumamos los peri\u00f3dicos y los dejamos del tama\u00f1o de una hoja parroquial y aprovechamos para emitir reportajes en los telediarios sobre masajistas falsos en las playas, m\u00f3viles en los restaurantes, indigesti\u00f3n por gazpacho, extranjeros entusiasmados por la Tomatina y el toro Rat\u00f3n, que como nos han dejado claro por activa y por pasiva, es un gran asesino y por eso se lo rifan en los ayuntamientos, y al que no le haga gracia que se vaya del pueblo. A veces, la realidad, maldita sea, se nos desmanda y se empe\u00f1a en que en verano empiecen la Primera Guerra Mundial, la Guerra Civil espa\u00f1ola o la Revoluci\u00f3n Francesa.<\/p>\n<p><a href=\"http:\/\/www.elpais.com\/articulo\/opinion\/sirve\/algo\/elpepusocdgm\/20110904elpdmgpan_2\/Tes\">EL ARTICULO SIGUE AQUI &gt;&gt;<\/a><\/p>\n","protected":false},"excerpt":{"rendered":"<p>Se sabe que, en verano, ese campo de donde brotan las noticias es un erial. Eso es lo que creemos en estos pa\u00edses mediterr\u00e1neos en los que, en cuanto llega julio, desplumamos los peri\u00f3dicos y los dejamos del tama\u00f1o de una hoja parroquial y aprovechamos para emitir reportajes en los telediarios sobre masajistas falsos en [&hellip;]<\/p>\n","protected":false},"author":2,"featured_media":1460,"comment_status":"open","ping_status":"open","sticky":false,"template":"","format":"standard","meta":{"footnotes":""},"categories":[16],"tags":[],"class_list":["post-1459","post","type-post","status-publish","format-standard","has-post-thumbnail","hentry","category-don-de-gentes"],"_links":{"self":[{"href":"https:\/\/www.elviralindo.com\/blog\/wp-json\/wp\/v2\/posts\/1459","targetHints":{"allow":["GET"]}}],"collection":[{"href":"https:\/\/www.elviralindo.com\/blog\/wp-json\/wp\/v2\/posts"}],"about":[{"href":"https:\/\/www.elviralindo.com\/blog\/wp-json\/wp\/v2\/types\/post"}],"author":[{"embeddable":true,"href":"https:\/\/www.elviralindo.com\/blog\/wp-json\/wp\/v2\/users\/2"}],"replies":[{"embeddable":true,"href":"https:\/\/www.elviralindo.com\/blog\/wp-json\/wp\/v2\/comments?post=1459"}],"version-history":[{"count":1,"href":"https:\/\/www.elviralindo.com\/blog\/wp-json\/wp\/v2\/posts\/1459\/revisions"}],"predecessor-version":[{"id":1461,"href":"https:\/\/www.elviralindo.com\/blog\/wp-json\/wp\/v2\/posts\/1459\/revisions\/1461"}],"wp:featuredmedia":[{"embeddable":true,"href":"https:\/\/www.elviralindo.com\/blog\/wp-json\/wp\/v2\/media\/1460"}],"wp:attachment":[{"href":"https:\/\/www.elviralindo.com\/blog\/wp-json\/wp\/v2\/media?parent=1459"}],"wp:term":[{"taxonomy":"category","embeddable":true,"href":"https:\/\/www.elviralindo.com\/blog\/wp-json\/wp\/v2\/categories?post=1459"},{"taxonomy":"post_tag","embeddable":true,"href":"https:\/\/www.elviralindo.com\/blog\/wp-json\/wp\/v2\/tags?post=1459"}],"curies":[{"name":"wp","href":"https:\/\/api.w.org\/{rel}","templated":true}]}}