{"id":1400,"date":"2011-06-15T08:53:45","date_gmt":"2011-06-15T07:53:45","guid":{"rendered":"http:\/\/www.elviralindo.com\/blog\/?p=1400"},"modified":"2011-06-15T08:53:45","modified_gmt":"2011-06-15T07:53:45","slug":"por-la-cara-2","status":"publish","type":"post","link":"https:\/\/www.elviralindo.com\/blog\/articulos-opinion\/por-la-cara-2\/","title":{"rendered":"Por la cara"},"content":{"rendered":"<p>Entre las afirmaciones que se convirtieron en lugar com\u00fan en estos \u00faltimos a\u00f1os una de las m\u00e1s curiosas es la que informaba de manera rotunda de que estas nuevas generaciones son las m\u00e1s preparadas de la historia de nuestro pa\u00eds. Quien as\u00ed se expresa suele granjearse la simpat\u00eda popular dado que tras semejante dato solo cabe la alegr\u00eda y el aplauso cerrado. Qu\u00e9 poco \u00e9xito tiene, en cambio, quien matiza diciendo que frente a una \u00e9lite muy cultivada, que en ocasiones ha de marcharse al extranjero, hay tambi\u00e9n un sector de la poblaci\u00f3n joven (el treinta y tantos por cien) que ha abandonado las aulas sin apenas terminar el graduado escolar. En mi opini\u00f3n, la condici\u00f3n b\u00e1sica para que una sociedad cambie es no temer a las malas noticias: aquellas de las que somos inocentes, pero tambi\u00e9n esas otras en las que compartimos una parte de responsabilidad. Solo el 6% de los nuevos universitarios se decanta por carreras de ciencias. \u00bfCu\u00e1l es el motivo? \u00bfLa dificultad de la carrera en s\u00ed? \u00bfLa idea de que en tu pa\u00eds no encontrar\u00e1s trabajo? Puede ser una mezcla de ambas, porque tambi\u00e9n se estudia Periodismo y las perspectivas laborales son a\u00fan peores.<\/p>\n<p><a href=\"http:\/\/www.elpais.com\/articulo\/ultima\/cara\/elpepuopi\/20110615elpepiult_1\/Tes\">EL ARTICULO SIGUE AQUI&gt;&gt;<\/a><\/p>\n","protected":false},"excerpt":{"rendered":"<p>Entre las afirmaciones que se convirtieron en lugar com\u00fan en estos \u00faltimos a\u00f1os una de las m\u00e1s curiosas es la que informaba de manera rotunda de que estas nuevas generaciones son las m\u00e1s preparadas de la historia de nuestro pa\u00eds. Quien as\u00ed se expresa suele granjearse la simpat\u00eda popular dado que tras semejante dato solo [&hellip;]<\/p>\n","protected":false},"author":2,"featured_media":1401,"comment_status":"open","ping_status":"open","sticky":false,"template":"","format":"standard","meta":{"footnotes":""},"categories":[29],"tags":[],"class_list":["post-1400","post","type-post","status-publish","format-standard","has-post-thumbnail","hentry","category-articulos-opinion"],"_links":{"self":[{"href":"https:\/\/www.elviralindo.com\/blog\/wp-json\/wp\/v2\/posts\/1400","targetHints":{"allow":["GET"]}}],"collection":[{"href":"https:\/\/www.elviralindo.com\/blog\/wp-json\/wp\/v2\/posts"}],"about":[{"href":"https:\/\/www.elviralindo.com\/blog\/wp-json\/wp\/v2\/types\/post"}],"author":[{"embeddable":true,"href":"https:\/\/www.elviralindo.com\/blog\/wp-json\/wp\/v2\/users\/2"}],"replies":[{"embeddable":true,"href":"https:\/\/www.elviralindo.com\/blog\/wp-json\/wp\/v2\/comments?post=1400"}],"version-history":[{"count":1,"href":"https:\/\/www.elviralindo.com\/blog\/wp-json\/wp\/v2\/posts\/1400\/revisions"}],"predecessor-version":[{"id":1402,"href":"https:\/\/www.elviralindo.com\/blog\/wp-json\/wp\/v2\/posts\/1400\/revisions\/1402"}],"wp:featuredmedia":[{"embeddable":true,"href":"https:\/\/www.elviralindo.com\/blog\/wp-json\/wp\/v2\/media\/1401"}],"wp:attachment":[{"href":"https:\/\/www.elviralindo.com\/blog\/wp-json\/wp\/v2\/media?parent=1400"}],"wp:term":[{"taxonomy":"category","embeddable":true,"href":"https:\/\/www.elviralindo.com\/blog\/wp-json\/wp\/v2\/categories?post=1400"},{"taxonomy":"post_tag","embeddable":true,"href":"https:\/\/www.elviralindo.com\/blog\/wp-json\/wp\/v2\/tags?post=1400"}],"curies":[{"name":"wp","href":"https:\/\/api.w.org\/{rel}","templated":true}]}}