{"id":1262,"date":"2011-04-04T22:25:02","date_gmt":"2011-04-04T21:25:02","guid":{"rendered":"http:\/\/www.elviralindo.com\/blog\/?p=1262"},"modified":"2011-04-04T22:30:36","modified_gmt":"2011-04-04T21:30:36","slug":"el-misterio-de-balenciaga","status":"publish","type":"post","link":"https:\/\/www.elviralindo.com\/blog\/marie-claire\/el-misterio-de-balenciaga\/","title":{"rendered":"El Misterio de Balenciaga"},"content":{"rendered":"<p><a href=\"https:\/\/www.elviralindo.com\/blog\/wp-content\/uploads\/2011\/04\/IMG_25921.jpg\"><img loading=\"lazy\" decoding=\"async\" class=\"aligncenter size-medium wp-image-1265\" title=\"IMG_2592\" src=\"https:\/\/www.elviralindo.com\/blog\/wp-content\/uploads\/2011\/04\/IMG_25921-460x460.jpg\" alt=\"\" width=\"460\" height=\"460\" srcset=\"https:\/\/www.elviralindo.com\/blog\/wp-content\/uploads\/2011\/04\/IMG_25921-460x460.jpg 460w, https:\/\/www.elviralindo.com\/blog\/wp-content\/uploads\/2011\/04\/IMG_25921-120x120.jpg 120w, https:\/\/www.elviralindo.com\/blog\/wp-content\/uploads\/2011\/04\/IMG_25921-122x122.jpg 122w, https:\/\/www.elviralindo.com\/blog\/wp-content\/uploads\/2011\/04\/IMG_25921.jpg 500w\" sizes=\"auto, (max-width: 460px) 100vw, 460px\" \/><\/a><\/p>\n<p>Recuerdo una tarde feliz de este oto\u00f1o pasado en Bilbao. Sin nada que hacer. Fuimos andando bajo la lluvia hasta el Museo de Bellas Artes, que no es tan espectacular como el Gughemheim pero que, por eso precisamente, a nosotros nos encanta. Nosotros \u00e9ramos esa tarde mi marido y yo. Anduvimos un rato viendo cuadros, nos quedamos disfrutando de la visi\u00f3n de la lluvia tras los enormes ventanales y luego visitamos una exposici\u00f3n de Balenciaga magn\u00edfica y misteriosa. El pasillo en el que se exhib\u00edan los vestidos estaba en penumbra y los trajes colgaban del techo dentro de una burbuja. Parec\u00eda que flotaban. No eran vestidos confeccionados para modelos. Se apreciaba que dentro de ellos hab\u00eda estado alguna vez una mujer de talla normal, de una 38, una 40\u2026 <!--more-->Debajo de cada vestido se informaba de la persona a la que hab\u00eda pertenecido. No eran tejidos l\u00e1nguidos, las telas preferidas de Balenciaga ten\u00eda cuerpo, peso, volumen, con lo cual, era f\u00e1cil imaginar un cuerpo humano dentro de ellas. Y como si aquellos trajes tuvieran un prodigioso poder de evocaci\u00f3n, la mente se nos llen\u00f3 de im\u00e1genes viv\u00edsimas de c\u00f3cteles, de paseos veraniegos al atardecer o de fiestas elegantes. Cre\u00edmos oler hasta la sinfon\u00eda de perfumes que hab\u00eda emanado de cada una de esas telas en su momento. Pero aquellos trajes se resist\u00edan a ser piezas hist\u00f3ricas, daban ganas de abrir la burbuja, descolgar aquella peque\u00f1a obra de arquitectura y llev\u00e1rsela a casa. La belleza de su dise\u00f1o pertenec\u00eda al presente. A un presente que ha vuelto gracias a que los modistas han vuelto a confeccionar vestidos elegantes y femeninos y a que algunas series han rescatado la belleza est\u00e9tica de los a\u00f1os cincuenta y sesenta, como Mad Men. Las telas importantes vuelven a cobrar protagonismo, esas telas con las que el maestro de la costura que fue Balenciaga pod\u00eda sacar un vestido de una sola pieza, como el escultor lo hace de un bloque de m\u00e1rmol. De todos los dise\u00f1os posibles, dicen que el m\u00e1s dif\u00edcil es el que se tiene que ajustar al cuerpo humano. Chanel dibujaba el traje pero Balenciaga, el genio artesano, hab\u00eda crecido desde ni\u00f1o viendo cortar y coser a su madre, que era costurera, y \u00e9l no dej\u00f3 nunca de hincar la aguja la tela.<\/p>\n<p>S\u00f3lo alguien insensible a la belleza es incapaz de ver toda la destreza art\u00edstica que estos trajes contienen. En estos d\u00edas las creaciones del maestro vasco se exhiben en el Queen Sof\u00eda Spanish Institute de Nueva York. Me ocurre a menudo que personas cercanas al mundo de la moda se sorprenden de que yo exprese tan abiertamente mi admiraci\u00f3n por ciertos modistas, que no esconda mi inter\u00e9s por la ropa, que sepa cu\u00e1les son las tendencias de la temporada o que sepa distinguir a un dise\u00f1ador de otro. Imagino que los escritoras nos empe\u00f1amos en ser fieles al t\u00f3pico de que la literatura est\u00e1 re\u00f1ida con las tendencias est\u00e9ticas que se aprecian con solo salir a la calle. A m\u00ed me da igual ya que se considere un rasgo de frivolidad. Puesto que no creo que no haya nadie ajeno a su imagen, yo prefiero ser consciente de la moda y disfrutar del lenguaje de la ropa, que es, al fin y al cabo, una de las tarjetas de presentaci\u00f3n m\u00e1s eficaces que tenemos los seres humanos. Y no es necesario gastarse mucho dinero, hay mujeres de naturaleza tan elegante que parece que siempre est\u00e1n vistiendo un Balenciaga.<\/p>\n","protected":false},"excerpt":{"rendered":"<p>Recuerdo una tarde feliz de este oto\u00f1o pasado en Bilbao. Sin nada que hacer. Fuimos andando bajo la lluvia hasta el Museo de Bellas Artes, que no es tan espectacular como el Gughemheim pero que, por eso precisamente, a nosotros nos encanta. Nosotros \u00e9ramos esa tarde mi marido y yo. Anduvimos un rato viendo cuadros, [&hellip;]<\/p>\n","protected":false},"author":2,"featured_media":0,"comment_status":"open","ping_status":"open","sticky":false,"template":"","format":"standard","meta":{"footnotes":""},"categories":[47],"tags":[],"class_list":["post-1262","post","type-post","status-publish","format-standard","hentry","category-marie-claire"],"_links":{"self":[{"href":"https:\/\/www.elviralindo.com\/blog\/wp-json\/wp\/v2\/posts\/1262","targetHints":{"allow":["GET"]}}],"collection":[{"href":"https:\/\/www.elviralindo.com\/blog\/wp-json\/wp\/v2\/posts"}],"about":[{"href":"https:\/\/www.elviralindo.com\/blog\/wp-json\/wp\/v2\/types\/post"}],"author":[{"embeddable":true,"href":"https:\/\/www.elviralindo.com\/blog\/wp-json\/wp\/v2\/users\/2"}],"replies":[{"embeddable":true,"href":"https:\/\/www.elviralindo.com\/blog\/wp-json\/wp\/v2\/comments?post=1262"}],"version-history":[{"count":3,"href":"https:\/\/www.elviralindo.com\/blog\/wp-json\/wp\/v2\/posts\/1262\/revisions"}],"predecessor-version":[{"id":1268,"href":"https:\/\/www.elviralindo.com\/blog\/wp-json\/wp\/v2\/posts\/1262\/revisions\/1268"}],"wp:attachment":[{"href":"https:\/\/www.elviralindo.com\/blog\/wp-json\/wp\/v2\/media?parent=1262"}],"wp:term":[{"taxonomy":"category","embeddable":true,"href":"https:\/\/www.elviralindo.com\/blog\/wp-json\/wp\/v2\/categories?post=1262"},{"taxonomy":"post_tag","embeddable":true,"href":"https:\/\/www.elviralindo.com\/blog\/wp-json\/wp\/v2\/tags?post=1262"}],"curies":[{"name":"wp","href":"https:\/\/api.w.org\/{rel}","templated":true}]}}