{"id":1152,"date":"2011-01-20T05:43:34","date_gmt":"2011-01-20T04:43:34","guid":{"rendered":"http:\/\/www.elviralindo.com\/blog\/?p=1152"},"modified":"2011-01-20T05:43:34","modified_gmt":"2011-01-20T04:43:34","slug":"elvira-lindo-recibe-el-premio-el-publico-en-granda","status":"publish","type":"post","link":"https:\/\/www.elviralindo.com\/blog\/lo-que-me-queda\/elvira-lindo-recibe-el-premio-el-publico-en-granda\/","title":{"rendered":"Elvira Lindo recibe el premio \u00abEl p\u00fablico\u00bb en Granda"},"content":{"rendered":"<p><a href=\"https:\/\/www.elviralindo.com\/blog\/wp-content\/uploads\/2011\/01\/premiados.jpg\"><img loading=\"lazy\" decoding=\"async\" class=\"aligncenter size-medium wp-image-1153\" title=\"premiados\" src=\"https:\/\/www.elviralindo.com\/blog\/wp-content\/uploads\/2011\/01\/premiados-460x140.jpg\" alt=\"\" width=\"460\" height=\"140\" srcset=\"https:\/\/www.elviralindo.com\/blog\/wp-content\/uploads\/2011\/01\/premiados-460x140.jpg 460w, https:\/\/www.elviralindo.com\/blog\/wp-content\/uploads\/2011\/01\/premiados-122x37.jpg 122w, https:\/\/www.elviralindo.com\/blog\/wp-content\/uploads\/2011\/01\/premiados.jpg 590w\" sizes=\"auto, (max-width: 460px) 100vw, 460px\" \/><\/a><\/p>\n<p><strong>Europa Press<\/strong><\/p>\n<p>El director general de RTVA, Pablo Carrasco, ha valorado la trayectoria y val\u00eda de los personajes galardonados en la XII edici\u00f3n de los Premios &#8216;El P\u00fablico&#8217; que entrega Canal Sur Radio y cuya ceremonia se celebra este mi\u00e9rcoles en el Teatro Isidoro M\u00e1iquez de CajaGranada.<\/p>\n<p>En declaraciones a Europa Press, Carrasco ha recordado que estos premios tratan de fomentar y reconocer los distintos \u00e1mbitos de la cultura espa\u00f1ola y en este sentido ha destacado el reconocimiento que se ha hecho a la trayectoria del cantante granadino Miguel R\u00edos, que se despide este a\u00f1o de los escenarios, o \u00aba la de toda una vida\u00bb como la del cantaor recientemente fallecido Enrique Morente.<\/p>\n<p>\u00abTambi\u00e9n hemos querido destacar a la gente que llega nueva dando el Premio Revelaci\u00f3n a la empresa Kandor Graphics, que est\u00e1 aportando mucho al mundo de la cultura y la comunicaci\u00f3n\u00bb, ha a\u00f1adido el director de RTVA, que esta ma\u00f1ana ha tenido la ocasi\u00f3n de encontrarse con algunos galardonados como Elvira Lindo, la Unidad de Rescate del Cuerpo de Bomberos de Huelva o el citado Miguel R\u00edos.<\/p>\n<p><a href=\"http:\/\/www.europapress.es\/andalucia\/noticia-director-rtva-destaca-trayectoria-valia-galardonados-premios-publico-20110119165425.html\" target=\"_blank\">Leer la not\u00edcia completa<\/a><\/p>\n<p>Otras fuentes:<\/p>\n<p>Ideal.es: \u00ab<a href=\"http:\/\/www.ideal.es\/granada\/v\/20110120\/cultura\/cultura-granada-reina-premios-20110120.html\" target=\"_blank\">La Cultura de Granada Reina en los Premios el P\u00fablico de Canal Sur<\/a>\u00bb<br \/>\nDiario de C\u00f3rdoba: \u00ab<a href=\"http:\/\/www.diariocordoba.com\/noticias\/noticia.asp?pkid=611213\" target=\"_blank\">Entrelobos\u00b4 recibe el premio de cine El P\u00fablico<\/a>\u00bb<br \/>\nCosta Digital: \u00ab<a href=\"http:\/\/www.costadigital.es\/html\/cultura.php?id=4377\" target=\"_blank\">Granada, protagonista de la Gala de los Premios \u201cEl P\u00fablico<\/a>\u201d<\/p>\n","protected":false},"excerpt":{"rendered":"<p>Europa Press El director general de RTVA, Pablo Carrasco, ha valorado la trayectoria y val\u00eda de los personajes galardonados en la XII edici\u00f3n de los Premios &#8216;El P\u00fablico&#8217; que entrega Canal Sur Radio y cuya ceremonia se celebra este mi\u00e9rcoles en el Teatro Isidoro M\u00e1iquez de CajaGranada. En declaraciones a Europa Press, Carrasco ha recordado [&hellip;]<\/p>\n","protected":false},"author":2,"featured_media":0,"comment_status":"open","ping_status":"open","sticky":false,"template":"","format":"standard","meta":{"footnotes":""},"categories":[31],"tags":[],"class_list":["post-1152","post","type-post","status-publish","format-standard","hentry","category-lo-que-me-queda"],"_links":{"self":[{"href":"https:\/\/www.elviralindo.com\/blog\/wp-json\/wp\/v2\/posts\/1152","targetHints":{"allow":["GET"]}}],"collection":[{"href":"https:\/\/www.elviralindo.com\/blog\/wp-json\/wp\/v2\/posts"}],"about":[{"href":"https:\/\/www.elviralindo.com\/blog\/wp-json\/wp\/v2\/types\/post"}],"author":[{"embeddable":true,"href":"https:\/\/www.elviralindo.com\/blog\/wp-json\/wp\/v2\/users\/2"}],"replies":[{"embeddable":true,"href":"https:\/\/www.elviralindo.com\/blog\/wp-json\/wp\/v2\/comments?post=1152"}],"version-history":[{"count":1,"href":"https:\/\/www.elviralindo.com\/blog\/wp-json\/wp\/v2\/posts\/1152\/revisions"}],"predecessor-version":[{"id":1154,"href":"https:\/\/www.elviralindo.com\/blog\/wp-json\/wp\/v2\/posts\/1152\/revisions\/1154"}],"wp:attachment":[{"href":"https:\/\/www.elviralindo.com\/blog\/wp-json\/wp\/v2\/media?parent=1152"}],"wp:term":[{"taxonomy":"category","embeddable":true,"href":"https:\/\/www.elviralindo.com\/blog\/wp-json\/wp\/v2\/categories?post=1152"},{"taxonomy":"post_tag","embeddable":true,"href":"https:\/\/www.elviralindo.com\/blog\/wp-json\/wp\/v2\/tags?post=1152"}],"curies":[{"name":"wp","href":"https:\/\/api.w.org\/{rel}","templated":true}]}}