{"id":1046,"date":"2010-11-29T22:59:13","date_gmt":"2010-11-29T21:59:13","guid":{"rendered":"http:\/\/www.elviralindo.com\/blog\/?p=1046"},"modified":"2010-11-29T22:59:13","modified_gmt":"2010-11-29T21:59:13","slug":"guadalajara","status":"publish","type":"post","link":"https:\/\/www.elviralindo.com\/blog\/lo-que-me-queda\/guadalajara\/","title":{"rendered":"Guadalajara"},"content":{"rendered":"<p><a href=\"https:\/\/www.elviralindo.com\/blog\/wp-content\/uploads\/2010\/11\/155906_467103341091_43000311091_5499355_372510_n.jpg\"><img loading=\"lazy\" decoding=\"async\" class=\"aligncenter size-medium wp-image-1047\" title=\"Elvira LIndo en la Feria del Libro de Guadalajara\" src=\"https:\/\/www.elviralindo.com\/blog\/wp-content\/uploads\/2010\/11\/155906_467103341091_43000311091_5499355_372510_n-460x367.jpg\" alt=\"\" width=\"460\" height=\"367\" srcset=\"https:\/\/www.elviralindo.com\/blog\/wp-content\/uploads\/2010\/11\/155906_467103341091_43000311091_5499355_372510_n-460x367.jpg 460w, https:\/\/www.elviralindo.com\/blog\/wp-content\/uploads\/2010\/11\/155906_467103341091_43000311091_5499355_372510_n-122x97.jpg 122w, https:\/\/www.elviralindo.com\/blog\/wp-content\/uploads\/2010\/11\/155906_467103341091_43000311091_5499355_372510_n.jpg 720w\" sizes=\"auto, (max-width: 460px) 100vw, 460px\" \/><\/a><\/p>\n<p>\u200e\u00bbEn la <a href=\"http:\/\/www.fil.com.mx\/\" target=\"_blank\">Feria de Guadalajara<\/a>, M\u00e9xico. Qu\u00e9 amable es la gente aqu\u00ed, qu\u00e9 educada, qu\u00e9 cari\u00f1osa. Ma\u00f1ana presento mi libro en la Feria, os ir\u00e9 contando. Para abrir boca, esta foto con el cartelazo de la novela. Un beso para los lectores de la p\u00e1gina desde este lugar donde se come (y se bebe) tan rico\u00bb<\/p>\n","protected":false},"excerpt":{"rendered":"<p>\u200e\u00bbEn la Feria de Guadalajara, M\u00e9xico. Qu\u00e9 amable es la gente aqu\u00ed, qu\u00e9 educada, qu\u00e9 cari\u00f1osa. Ma\u00f1ana presento mi libro en la Feria, os ir\u00e9 contando. Para abrir boca, esta foto con el cartelazo de la novela. Un beso para los lectores de la p\u00e1gina desde este lugar donde se come (y se bebe) tan [&hellip;]<\/p>\n","protected":false},"author":2,"featured_media":0,"comment_status":"open","ping_status":"open","sticky":false,"template":"","format":"standard","meta":{"footnotes":""},"categories":[44,31],"tags":[],"class_list":["post-1046","post","type-post","status-publish","format-standard","hentry","category-fotografias","category-lo-que-me-queda"],"_links":{"self":[{"href":"https:\/\/www.elviralindo.com\/blog\/wp-json\/wp\/v2\/posts\/1046","targetHints":{"allow":["GET"]}}],"collection":[{"href":"https:\/\/www.elviralindo.com\/blog\/wp-json\/wp\/v2\/posts"}],"about":[{"href":"https:\/\/www.elviralindo.com\/blog\/wp-json\/wp\/v2\/types\/post"}],"author":[{"embeddable":true,"href":"https:\/\/www.elviralindo.com\/blog\/wp-json\/wp\/v2\/users\/2"}],"replies":[{"embeddable":true,"href":"https:\/\/www.elviralindo.com\/blog\/wp-json\/wp\/v2\/comments?post=1046"}],"version-history":[{"count":1,"href":"https:\/\/www.elviralindo.com\/blog\/wp-json\/wp\/v2\/posts\/1046\/revisions"}],"predecessor-version":[{"id":1048,"href":"https:\/\/www.elviralindo.com\/blog\/wp-json\/wp\/v2\/posts\/1046\/revisions\/1048"}],"wp:attachment":[{"href":"https:\/\/www.elviralindo.com\/blog\/wp-json\/wp\/v2\/media?parent=1046"}],"wp:term":[{"taxonomy":"category","embeddable":true,"href":"https:\/\/www.elviralindo.com\/blog\/wp-json\/wp\/v2\/categories?post=1046"},{"taxonomy":"post_tag","embeddable":true,"href":"https:\/\/www.elviralindo.com\/blog\/wp-json\/wp\/v2\/tags?post=1046"}],"curies":[{"name":"wp","href":"https:\/\/api.w.org\/{rel}","templated":true}]}}