{"id":1028,"date":"2010-11-21T06:12:39","date_gmt":"2010-11-21T05:12:39","guid":{"rendered":"http:\/\/www.elviralindo.com\/blog\/?p=1028"},"modified":"2010-11-21T06:12:39","modified_gmt":"2010-11-21T05:12:39","slug":"por-hablar","status":"publish","type":"post","link":"https:\/\/www.elviralindo.com\/blog\/don-de-gentes\/por-hablar\/","title":{"rendered":"Por Hablar"},"content":{"rendered":"<p>Decir a estas alturas que hubo momentos de gran comicidad <a href=\"http:\/\/www.elpais.com\/articulo\/reportajes\/Tuve\/decidir\/volaba\/cupula\/ETA\/Dije\/hice\/correcto\/elpepusocdmg\/20101107elpdmgrep_2\/Tes\" target=\"_blank\">en la entrevista que Mill\u00e1s le hizo a Felipe Gonz\u00e1lez<\/a> puede sonar como una impertinencia despu\u00e9s de que una parte del universo medi\u00e1tico concluyera, sin que les cupiera un resquicio de duda, que de las palabras del ex presidente se desprend\u00eda que \u00e9l estaba al tanto del terrorismo de Estado. Yo m\u00e1s bien creo que el conjunto de la entrevista fue el resultado de la incontinencia verbal. Lo que me pareci\u00f3 prodigioso, as\u00ed se lo dije a Mill\u00e1s, fue la manera en que consigui\u00f3 ordenar el discurso inabarcable de Gonz\u00e1lez. Servidora confiesa que le fue a entrevistar hace a\u00f1os y que de vuelta a casa tom\u00f3 una decisi\u00f3n dram\u00e1tica: no escribir la entrevista. Material hab\u00eda. Pero era verano. Y es humano considerar que entre transcribir una entrevista con Felipe Gonz\u00e1lez o disfrutar de un merecido mes de descanso con la familia, me decantara por esto \u00faltimo. \u00bfPes\u00f3 m\u00e1s la familia que la vocaci\u00f3n? Digamos que perdi\u00f3 la vocaci\u00f3n a favor de la pereza. Por eso, cuando le\u00ed en palabras de Mill\u00e1s que durante el encuentro desconectaba y emprend\u00eda uno de esos viajes astrales a los que te obligan las personas demasiado expansivas, le admir\u00e9 doblemente: por saber ir y volver con esa astucia. Nunca podr\u00e1 saber el escritor qu\u00e9 es lo que se perdi\u00f3 durante sus ausencias, s\u00ed sabemos que lo que recogi\u00f3 fue jugoso.<\/p>\n<p>El art\u00edculo sigue <a href=\"http:\/\/bit.ly\/porhablar\" target=\"_blank\">aqu\u00ed<\/a><\/p>\n","protected":false},"excerpt":{"rendered":"<p>Decir a estas alturas que hubo momentos de gran comicidad en la entrevista que Mill\u00e1s le hizo a Felipe Gonz\u00e1lez puede sonar como una impertinencia despu\u00e9s de que una parte del universo medi\u00e1tico concluyera, sin que les cupiera un resquicio de duda, que de las palabras del ex presidente se desprend\u00eda que \u00e9l estaba al [&hellip;]<\/p>\n","protected":false},"author":2,"featured_media":1029,"comment_status":"open","ping_status":"open","sticky":false,"template":"","format":"standard","meta":{"footnotes":""},"categories":[16],"tags":[],"class_list":["post-1028","post","type-post","status-publish","format-standard","has-post-thumbnail","hentry","category-don-de-gentes"],"_links":{"self":[{"href":"https:\/\/www.elviralindo.com\/blog\/wp-json\/wp\/v2\/posts\/1028","targetHints":{"allow":["GET"]}}],"collection":[{"href":"https:\/\/www.elviralindo.com\/blog\/wp-json\/wp\/v2\/posts"}],"about":[{"href":"https:\/\/www.elviralindo.com\/blog\/wp-json\/wp\/v2\/types\/post"}],"author":[{"embeddable":true,"href":"https:\/\/www.elviralindo.com\/blog\/wp-json\/wp\/v2\/users\/2"}],"replies":[{"embeddable":true,"href":"https:\/\/www.elviralindo.com\/blog\/wp-json\/wp\/v2\/comments?post=1028"}],"version-history":[{"count":1,"href":"https:\/\/www.elviralindo.com\/blog\/wp-json\/wp\/v2\/posts\/1028\/revisions"}],"predecessor-version":[{"id":1030,"href":"https:\/\/www.elviralindo.com\/blog\/wp-json\/wp\/v2\/posts\/1028\/revisions\/1030"}],"wp:featuredmedia":[{"embeddable":true,"href":"https:\/\/www.elviralindo.com\/blog\/wp-json\/wp\/v2\/media\/1029"}],"wp:attachment":[{"href":"https:\/\/www.elviralindo.com\/blog\/wp-json\/wp\/v2\/media?parent=1028"}],"wp:term":[{"taxonomy":"category","embeddable":true,"href":"https:\/\/www.elviralindo.com\/blog\/wp-json\/wp\/v2\/categories?post=1028"},{"taxonomy":"post_tag","embeddable":true,"href":"https:\/\/www.elviralindo.com\/blog\/wp-json\/wp\/v2\/tags?post=1028"}],"curies":[{"name":"wp","href":"https:\/\/api.w.org\/{rel}","templated":true}]}}